{"id":917,"date":"2009-09-25T08:51:21","date_gmt":"2009-09-25T07:51:21","guid":{"rendered":"http:\/\/tierraylibertad.org.w01d42ae.kasserver.com\/?p=917"},"modified":"2009-09-25T08:51:21","modified_gmt":"2009-09-25T07:51:21","slug":"rojo-y-negro","status":"publish","type":"post","link":"https:\/\/tierraylibertad.org\/index.php\/2009\/09\/rojo-y-negro\/","title":{"rendered":"Rojo y Negro"},"content":{"rendered":"<figure id=\"attachment_924\" aria-describedby=\"caption-attachment-924\" style=\"width: 300px\" class=\"wp-caption alignright\"><a href=\"http:\/\/wordpress.p156327.webspaceconfig.de\/wp-content\/uploads\/2009\/09\/450px-Anarchist_flag.svg_.png\"><img loading=\"lazy\" decoding=\"async\" class=\"size-medium wp-image-924\" title=\"450px-Anarchist_flag.svg\" src=\"http:\/\/wordpress.p156327.webspaceconfig.de\/wp-content\/uploads\/2009\/09\/450px-Anarchist_flag.svg_-300x200.png\" alt=\"Rojo y Negro\" width=\"300\" height=\"200\" srcset=\"https:\/\/tierraylibertad.org\/wp-content\/uploads\/2009\/09\/450px-Anarchist_flag.svg_-300x200.png 300w, https:\/\/tierraylibertad.org\/wp-content\/uploads\/2009\/09\/450px-Anarchist_flag.svg_.png 450w\" sizes=\"auto, (max-width: 300px) 100vw, 300px\" \/><\/a><figcaption id=\"caption-attachment-924\" class=\"wp-caption-text\">Rojo y Negro<\/figcaption><\/figure>\n<p><!-- \t\t@page { margin: 2cm } \t\tP { margin-bottom: 0.21cm } --><\/p>\n<p style=\"margin-bottom: 0cm;\">Estos dos colores siempre van juntos.<\/p>\n<p>Pero antes, antes<\/p>\n<p>antes de estar cruzados,<\/p>\n<p>antes de estar unidos&#8230;<\/p>\n<p>\u00bfC\u00f3mo es que sucedi\u00f3?<\/p>\n<p>Simplemente sucedi\u00f3.<\/p>\n<p>No, no y no, nos negamos a que simplemente sucedi\u00f3, alguna explicaci\u00f3n tiene que haber.<\/p>\n<p>Si no hay explicaci\u00f3n por lo menos hay una historia,<\/p>\n<p>Todo comenz\u00f3 con el Negro, \u00e9l se encontraba ah\u00ed muy solo siempre, muy opaco, muy con ausencia de luz.<\/p>\n<p>Todos le tem\u00edan, pues contaba la leyenda que el Negro se tragaba todo, todo, la luz y el sonido; les era monstruoso.<\/p>\n<figure id=\"attachment_918\" aria-describedby=\"caption-attachment-918\" style=\"width: 150px\" class=\"wp-caption alignright\"><a href=\"http:\/\/wordpress.p156327.webspaceconfig.de\/wp-content\/uploads\/2009\/09\/800px-BlackFlag.svg_.png\"><img loading=\"lazy\" decoding=\"async\" class=\"size-thumbnail wp-image-918\" title=\"800px-BlackFlag.svg\" src=\"http:\/\/wordpress.p156327.webspaceconfig.de\/wp-content\/uploads\/2009\/09\/800px-BlackFlag.svg_-150x150.png\" alt=\"...\" width=\"150\" height=\"94\" \/><\/a><figcaption id=\"caption-attachment-918\" class=\"wp-caption-text\">...<\/figcaption><\/figure>\n<p>Nadie se acercaba para darle destellos y el Negro ah\u00ed sentado solo, solo observaba y escuchaba, pero solo, solo se encontraba. Esto lo pon\u00eda triste, muy triste. La soledad es muy triste y adem\u00e1s es aplastante. As\u00ed se sent\u00eda el Negro.<\/p>\n<p>En su soledad empez\u00f3 a observar, a escuchar, a ver a aquellos que no lo estaban. El coraz\u00f3n deseaba tanto no estar solo que comenz\u00f3 a absorberse todas las alegr\u00edas y los dolores de aquellos que el deseaba ser y estar.<\/p>\n<p>Se fue percatando de la unidad y alegria  otros muchos\u00a0 seres, pero estos eran aislados, eran suprimidos, eran explotados, eran matados y sus alegr\u00edas arrebatadas, &#8230;y fue cuando comenz\u00f3 realmente a tragarse, a tragarse el dolor de los estos otros y sus tristezas.<\/p>\n<p>El Negro no encontraba salida a tanta soledad y a tanta tristeza y abuso que sufr\u00edan los otros y \u00e9l.<\/p>\n<p>La necesidad le hizo buscar la forma de sacar todo ese dolor y soledad del otro.<\/p>\n<p>Un esfuerzo de concentraci\u00f3n&#8230;un destello apareci\u00f3, pero no pasaba esa nube de polvo de dolor y miseria que se hab\u00eda acumulado.<\/p>\n<p>Otro esfuerzo m\u00e1s y se alargo un destello que comenz\u00f3 a cruzar el polvo.<\/p>\n<p>Primero fue una estrella Roja la que cruzo la nube de polvo, fue un logr\u00f3, fue la primera esperanza de cambiar esos dolores que hab\u00eda acumulado.<\/p>\n<p><a href=\"http:\/\/wordpress.p156327.webspaceconfig.de\/wp-content\/uploads\/2009\/09\/450px-Flag_of_the_EZLN.svg_.png\"><img loading=\"lazy\" decoding=\"async\" class=\"aligncenter size-medium wp-image-921\" title=\"450px-Flag_of_the_EZLN.svg\" src=\"http:\/\/wordpress.p156327.webspaceconfig.de\/wp-content\/uploads\/2009\/09\/450px-Flag_of_the_EZLN.svg_-300x200.png\" alt=\"450px-Flag_of_the_EZLN.svg\" width=\"300\" height=\"200\" srcset=\"https:\/\/tierraylibertad.org\/wp-content\/uploads\/2009\/09\/450px-Flag_of_the_EZLN.svg_-300x200.png 300w, https:\/\/tierraylibertad.org\/wp-content\/uploads\/2009\/09\/450px-Flag_of_the_EZLN.svg_.png 450w\" sizes=\"auto, (max-width: 300px) 100vw, 300px\" \/><\/a>Esta estrella Roja resplandec\u00eda con esperanza cada vez m\u00e1s fuerte, cada vez m\u00e1s visible. Los Hombres se percataron y los que ten\u00edan el dolor de la miseria, el dolor de la pobreza, el dolor de la explotaci\u00f3n comenzaron a tomar la Estrella Roja con el Negro, pues el Negro se hizo visible y sus dolores tambi\u00e9n y ellos se reconocier\u00f3n y se juntaron y comenzaron la marcha y la lucha para acabar con su miseria y la de otros.<\/p>\n<p>Pero no era f\u00e1cil, pues hab\u00eda algunos que no quer\u00edan que se quitaran esos dolores, pues ten\u00edan miedo a que en lugar de que se terminaran los dolores y la explotaci\u00f3n esto se repartiera para ellos tambi\u00e9n. Que perdieran todo lo que hab\u00edan robado, que cre\u00edan que hab\u00edan trabajado, pero todo eso era robado. Por ese miedo a perder lo robado, ellos mataban y repart\u00edan m\u00e1s miseria.<\/p>\n<p>Por lo que la marcha continuo y continua y ahora ya no es una estrella roja solamente la que da la esperanza para salir del polvo de miseria y de explotaci\u00f3n, ahora es el rojo que cruza y arrastra a esos dolores y que esta construyendo junto con el Negro esa esperanza, esa otra cosa, esa otra de otras y cada vez juntos van tomando fuerza y van construyendo ese otro mundo.<\/p>\n<p>No hay quien mande, ni el Negro ni el Rojo, pues los mueve el sacar y acabar con esos dolores.<\/p>\n<p>Ahora el Negro no se encuentra triste pues tiene al Rojo y a mucha gente que sigue esa lucha con solidaridad y con esperanza para que cambie todo y para que:<\/p>\n<p>\u00a1Para Todos, Todo!<\/p>\n<p style=\"margin-bottom: 0cm;\">\n<p style=\"margin-bottom: 0cm;\">Tierra, Agua y Libertad<\/p>\n<p>alf-redo&#8230;mil-puertas&#8230;<\/p>\n<figure id=\"attachment_927\" aria-describedby=\"caption-attachment-927\" style=\"width: 314px\" class=\"wp-caption aligncenter\"><a href=\"http:\/\/wordpress.p156327.webspaceconfig.de\/wp-content\/uploads\/2009\/09\/rojo_y_negro_natacion1.jpg\"><img loading=\"lazy\" decoding=\"async\" class=\"size-medium wp-image-927\" title=\"rojo_y_negro_natacion1\" src=\"http:\/\/wordpress.p156327.webspaceconfig.de\/wp-content\/uploads\/2009\/09\/rojo_y_negro_natacion1-300x180.jpg\" alt=\"Rojo y Negro\" width=\"314\" height=\"189\" srcset=\"https:\/\/tierraylibertad.org\/wp-content\/uploads\/2009\/09\/rojo_y_negro_natacion1-300x180.jpg 300w, https:\/\/tierraylibertad.org\/wp-content\/uploads\/2009\/09\/rojo_y_negro_natacion1-1024x615.jpg 1024w, https:\/\/tierraylibertad.org\/wp-content\/uploads\/2009\/09\/rojo_y_negro_natacion1-500x300.jpg 500w, https:\/\/tierraylibertad.org\/wp-content\/uploads\/2009\/09\/rojo_y_negro_natacion1.jpg 2036w\" sizes=\"auto, (max-width: 314px) 100vw, 314px\" \/><\/a><figcaption id=\"caption-attachment-927\" class=\"wp-caption-text\">Rojo y Negro<\/figcaption><\/figure>\n<p style=\"margin-bottom: 0cm;\">\n","protected":false},"excerpt":{"rendered":"<p>Estos dos colores siempre van juntos. Pero antes, antes antes de estar cruzados, antes de estar unidos&#8230; \u00bfC\u00f3mo es que sucedi\u00f3? Simplemente sucedi\u00f3. No, no y no, nos negamos a que simplemente sucedi\u00f3, alguna explicaci\u00f3n tiene que haber. Si no hay explicaci\u00f3n por lo menos hay una historia, Todo comenz\u00f3 con el Negro, \u00e9l se [&hellip;]<\/p>\n","protected":false},"author":2,"featured_media":0,"comment_status":"open","ping_status":"open","sticky":false,"template":"","format":"standard","meta":{"footnotes":""},"categories":[5],"tags":[35],"class_list":["post-917","post","type-post","status-publish","format-standard","hentry","category-cuentos","tag-otro-mundo"],"_links":{"self":[{"href":"https:\/\/tierraylibertad.org\/index.php\/wp-json\/wp\/v2\/posts\/917","targetHints":{"allow":["GET"]}}],"collection":[{"href":"https:\/\/tierraylibertad.org\/index.php\/wp-json\/wp\/v2\/posts"}],"about":[{"href":"https:\/\/tierraylibertad.org\/index.php\/wp-json\/wp\/v2\/types\/post"}],"author":[{"embeddable":true,"href":"https:\/\/tierraylibertad.org\/index.php\/wp-json\/wp\/v2\/users\/2"}],"replies":[{"embeddable":true,"href":"https:\/\/tierraylibertad.org\/index.php\/wp-json\/wp\/v2\/comments?post=917"}],"version-history":[{"count":0,"href":"https:\/\/tierraylibertad.org\/index.php\/wp-json\/wp\/v2\/posts\/917\/revisions"}],"wp:attachment":[{"href":"https:\/\/tierraylibertad.org\/index.php\/wp-json\/wp\/v2\/media?parent=917"}],"wp:term":[{"taxonomy":"category","embeddable":true,"href":"https:\/\/tierraylibertad.org\/index.php\/wp-json\/wp\/v2\/categories?post=917"},{"taxonomy":"post_tag","embeddable":true,"href":"https:\/\/tierraylibertad.org\/index.php\/wp-json\/wp\/v2\/tags?post=917"}],"curies":[{"name":"wp","href":"https:\/\/api.w.org\/{rel}","templated":true}]}}