{"id":9,"date":"2009-02-13T12:09:17","date_gmt":"2009-02-13T11:09:17","guid":{"rendered":"http:\/\/tierraylibertad.org.w01d42ae.kasserver.com\/?p=9"},"modified":"2009-02-13T12:09:17","modified_gmt":"2009-02-13T11:09:17","slug":"9","status":"publish","type":"post","link":"https:\/\/tierraylibertad.org\/index.php\/2009\/02\/9\/","title":{"rendered":"Los Polinesios"},"content":{"rendered":"<p><span lang=\"ES-MX\"> <\/span><\/p>\n<p>Eres un necio<\/p>\n<p>Eres un necio<\/p>\n<p>Eres un necio<\/p>\n<p>Lo que ellos no saben es que yo no llegue del norte, la historia no es tan larga. Por eso se las voy a contar.<\/p>\n<p>Es solo porque siente que se amachinaron para aguantar el fri\u00f3, piensan que fueron los primeros en llegar a estas tierras y que fueron los primeros en hacer grandes viajes.<br \/>\nY luego nos cuentan historias de que ellos cazaban mamutes y que ellos lo extinguieron y que ellos son los \u00fanicos y que nosotros somos como ellos.<br \/>\nCreen que\u00a0 no habemos otros que llegamos por otro lado, creen que no habemos otros que llegamos por la Mar, de quien estamos eternamente enamorados.<\/p>\n<p>De la Mar es de donde nace todos lo d\u00edas el sol, de la Mar es de donde sal\u00eda nuestro alimento y la tierra\u00a0 solamente pod\u00eda imitar las grandes olas con sus monta\u00f1as, mas las monta\u00f1as no pueden moverse tan r\u00e1pido.<\/p>\n<figure id=\"attachment_314\" aria-describedby=\"caption-attachment-314\" style=\"width: 300px\" class=\"wp-caption alignleft\"><a href=\"http:\/\/wordpress.p156327.webspaceconfig.de\/wp-content\/uploads\/2009\/02\/surfomigue.jpg\"><img loading=\"lazy\" decoding=\"async\" class=\"size-medium wp-image-314\" title=\"surfomigue\" src=\"http:\/\/wordpress.p156327.webspaceconfig.de\/wp-content\/uploads\/2009\/02\/surfomigue-300x188.jpg\" alt=\"Polinecios, Cuadro de Miguel Estala\" width=\"300\" height=\"188\" srcset=\"https:\/\/tierraylibertad.org\/wp-content\/uploads\/2009\/02\/surfomigue-300x188.jpg 300w, https:\/\/tierraylibertad.org\/wp-content\/uploads\/2009\/02\/surfomigue-476x300.jpg 476w, https:\/\/tierraylibertad.org\/wp-content\/uploads\/2009\/02\/surfomigue.jpg 626w\" sizes=\"auto, (max-width: 300px) 100vw, 300px\" \/><\/a><figcaption id=\"caption-attachment-314\" class=\"wp-caption-text\">Polinecios, Cuadro de Miguel Estala<\/figcaption><\/figure>\n<p>Nosotros somos los condenados, pues al estar eternamente enamorados de la mar,\u00a0 no nos permite vivir dentro de ella. Muchas veces nos rechaza, as\u00ed es la mar y as\u00ed la amamos.<br \/>\nTanto fue nuestro de deseo de estar dentro de ella, de vivir dentro de la mar, que al principio nos met\u00edamos con tablas para poder estar largo tiempo flotando, ah\u00ed junto a las olas. Pero ella nos rechazaba, no nos dejaba entrar y nosotros necios que entr\u00e1bamos y ella necia que nos botaba. Hasta que un buen d\u00eda aprendimos a bailar con ella, a bailar con sus olas.<\/p>\n<p>Mas eso no duraba mucho y sal\u00edamos pronto a tierra antes de que el sol se fuera. Por lo que empezamos a hacer botes donde a remo y vela entr\u00e1bamos y empezamos a sacar nuestro alimento de la mar. Fue cuando nos dimos cuenta que nosotros somos parientes del delf\u00edn, de la ballena, de la tortuga.\u00a0 Pero a nosotros la mar nos saco un d\u00eda por descuidados a tierra y no nos dejaba entrar m\u00e1s, por eso de necios regres\u00e1bamos a ella en tablas y en botes.<\/p>\n<p>Con los botes y tablas empezamos a jugar y a bailar con ella y fue como llegamos ac\u00e1 a estas tierras.<br \/>\nComenz\u00f3 con una peque\u00f1a carrera, ah\u00ed est\u00e1bamos en la orilla de la mar, en la playa con nuestros botes y remos en direcci\u00f3n a donde nace el sol y una idea lleg\u00f3: A ver quien llegaba primero&#8230;\u00bfa donde? quien sabe pero a ver quien llegaba primero. As\u00ed salimos en desbandada en direcci\u00f3n a donde nace el sol y reme que reme e iza la vela y duerme, as\u00ed pasaron varias lunas y nada que alguien llegaba primero, supongo que muchos nesios o polinesios; pues \u00e9ramos muchos; se quedaron en el camino con la mar, pues no todos llegamos a estas tierras y aqu\u00ed conocimos a otros que llegaron por el norte.<br \/>\nSupongo que nosotros llegamos primero a remo y vela<span> <\/span>y si no nos creen les pregunto:\u00bfEntonces de donde llegamos Bazuca y yo?<span> <\/span><\/p>\n<p>Ahora me preguntaran: \u00bfPor qu\u00e9 si ya est\u00e1bamos dentro de la mar regresamos a tierra?<\/p>\n<p>Por nesios&#8230;<\/p>\n<p>alf&#8230;<\/p>\n","protected":false},"excerpt":{"rendered":"<p>Eres un necio Eres un necio Eres un necio Lo que ellos no saben es que yo no llegue del norte, la historia no es tan larga. Por eso se las voy a contar. Es solo porque siente que se amachinaron para aguantar el fri\u00f3, piensan que fueron los primeros en llegar a estas tierras [&hellip;]<\/p>\n","protected":false},"author":2,"featured_media":0,"comment_status":"open","ping_status":"open","sticky":false,"template":"","format":"standard","meta":{"footnotes":""},"categories":[5],"tags":[23,30,36],"class_list":["post-9","post","type-post","status-publish","format-standard","hentry","category-cuentos","tag-fotos-y-dibujitos","tag-mar","tag-polinesios"],"_links":{"self":[{"href":"https:\/\/tierraylibertad.org\/index.php\/wp-json\/wp\/v2\/posts\/9","targetHints":{"allow":["GET"]}}],"collection":[{"href":"https:\/\/tierraylibertad.org\/index.php\/wp-json\/wp\/v2\/posts"}],"about":[{"href":"https:\/\/tierraylibertad.org\/index.php\/wp-json\/wp\/v2\/types\/post"}],"author":[{"embeddable":true,"href":"https:\/\/tierraylibertad.org\/index.php\/wp-json\/wp\/v2\/users\/2"}],"replies":[{"embeddable":true,"href":"https:\/\/tierraylibertad.org\/index.php\/wp-json\/wp\/v2\/comments?post=9"}],"version-history":[{"count":0,"href":"https:\/\/tierraylibertad.org\/index.php\/wp-json\/wp\/v2\/posts\/9\/revisions"}],"wp:attachment":[{"href":"https:\/\/tierraylibertad.org\/index.php\/wp-json\/wp\/v2\/media?parent=9"}],"wp:term":[{"taxonomy":"category","embeddable":true,"href":"https:\/\/tierraylibertad.org\/index.php\/wp-json\/wp\/v2\/categories?post=9"},{"taxonomy":"post_tag","embeddable":true,"href":"https:\/\/tierraylibertad.org\/index.php\/wp-json\/wp\/v2\/tags?post=9"}],"curies":[{"name":"wp","href":"https:\/\/api.w.org\/{rel}","templated":true}]}}