{"id":77,"date":"2009-02-26T18:10:46","date_gmt":"2009-02-26T17:10:46","guid":{"rendered":"http:\/\/tierraylibertad.org.w01d42ae.kasserver.com\/?p=77"},"modified":"2009-02-26T18:10:46","modified_gmt":"2009-02-26T17:10:46","slug":"los-patos-unidos-jamas-seran-vencidos","status":"publish","type":"post","link":"https:\/\/tierraylibertad.org\/index.php\/2009\/02\/los-patos-unidos-jamas-seran-vencidos\/","title":{"rendered":"\u00a1Los patos unidos jam\u00e1s ser\u00e1n vencidos!"},"content":{"rendered":"<p class=\"western\" lang=\"es-MX\" align=\"justify\">Pre data: \u00a1Los patos unidos jam\u00e1s ser\u00e1n vencidos!<\/p>\n<p class=\"western\" lang=\"es-MX\" align=\"justify\">\n<p class=\"western\" lang=\"es-MX\" align=\"justify\">\n<p class=\"western\" lang=\"es-MX\" align=\"justify\">Va ke va otro cuento:<\/p>\n<p class=\"western\" lang=\"es-MX\" align=\"justify\">\n<p class=\"western\" lang=\"es-MX\" align=\"justify\">\n<p class=\"western\" lang=\"es-MX\" align=\"justify\">Cuando los patos le empezaron a tirar a las escopetas.<\/p>\n<p class=\"western\" lang=\"es-MX\" align=\"justify\">\n<p class=\"western\" lang=\"es-MX\" align=\"justify\">\u00bfInveros\u00edmil?<\/p>\n<p class=\"western\" lang=\"es-MX\" align=\"justify\">\n<p class=\"western\" lang=\"es-MX\" align=\"justify\">\u00bfIrreal?<\/p>\n<p class=\"western\" lang=\"es-MX\" align=\"justify\">\n<p class=\"western\" lang=\"es-MX\" align=\"justify\">\u00bfImpensable?<\/p>\n<p class=\"western\" lang=\"es-MX\" align=\"justify\">\n<p class=\"western\" lang=\"es-MX\" align=\"justify\">\u00bfC\u00f3mo comenzamos un relato de una historia \u201cin\u201d?<\/p>\n<p class=\"western\" lang=\"es-MX\" align=\"justify\">\n<p class=\"western\" lang=\"es-MX\" align=\"justify\">Empezaremos con un: Todo comenz\u00f3 uno de esos d\u00edas de oto\u00f1o o \u00bffue verano? No pudo ser verano tal vez primavera.<\/p>\n<p class=\"western\" lang=\"es-MX\" align=\"justify\">\n<p class=\"western\" lang=\"es-MX\" align=\"justify\">Si, lo hemos recordado:<\/p>\n<p class=\"western\" lang=\"es-MX\" align=\"justify\">\n<p class=\"western\" lang=\"es-MX\" align=\"justify\">Fue en oto\u00f1o.<\/p>\n<p class=\"western\" lang=\"es-MX\" align=\"justify\">\n<p class=\"western\" lang=\"es-MX\" align=\"justify\">Todo comenz\u00f3 en una muy temprana ma\u00f1ana de oto\u00f1o.<\/p>\n<p class=\"western\" lang=\"es-MX\" align=\"justify\">\n<p class=\"western\" lang=\"es-MX\" align=\"justify\">Ahora la ubicaci\u00f3n:<\/p>\n<p class=\"western\" lang=\"es-MX\" align=\"justify\">\n<p class=\"western\" lang=\"es-MX\" align=\"justify\">Bueno como son patos los implicados, fue en una laguna o uno de esos grandes lagos, de esos que se encuentran en el hemisferio norte, como fue en oto\u00f1o fue tantito antes de la gran migraci\u00f3n al sur, a lugares m\u00e1s c\u00e1lidos. Es decir la gran huida del invierno de norte al sur.<\/p>\n<p class=\"western\" lang=\"es-MX\" align=\"justify\">\n<p class=\"western\" lang=\"es-MX\" align=\"justify\">Pues ah\u00ed les va otra vez todo:<\/p>\n<p class=\"western\" lang=\"es-MX\" align=\"justify\">\n<p class=\"western\" lang=\"es-MX\" align=\"justify\">Todo comenz\u00f3 en una muy temprana ma\u00f1ana de oto\u00f1o, en un lago en el norte, muy norte  de Am\u00e9rica, tantito antes de la migraci\u00f3n al sur. Los patos estaban tranquilos madrugando como de costumbre, buscando la alimentaci\u00f3n del d\u00eda que escaseaba un poco m\u00e1s. Los mosquitos ya no abundaban, aunque el fr\u00edo hacia presas f\u00e1cil de aquellos insectos que quedaban. Los patos ya estaban preparando los \u00faltimos detalles para la gran migraci\u00f3n. Estaba decidido, esta vez llegar\u00edan mejor al lago de Xochimilco, pues no quer\u00edan pasar al lago de  Texcoco.<\/p>\n<p class=\"western\" lang=\"es-MX\" align=\"justify\">No es que no quisieran por falta de gusto, ya que el lago les gustaba mucho, a pesar  que  desde hace algunos a\u00f1os les amenaza la industria  aeroportuaria con modernizar sus m\u00e9todos de vuelo, sus rutas, con reubicarlos y quitarles su lago de Texcoco, teniendo como fuerte argumento el que los  patos o  comienzan a usar radar electr\u00f3nico e instrumentos m\u00e1s modernos de vuelo o se les quita el lago, pues eso no va con la modernidad. Es decir que dejaran de ser patos para ser otra cosa o no ser nada.<\/p>\n<p class=\"western\" lang=\"es-MX\" align=\"justify\">\n<p class=\"western\" lang=\"es-MX\" align=\"justify\">Como \u00edbamos diciendo, estaban planeando la migraci\u00f3n esta vez a Xochimilco, les hab\u00edan contado que ah\u00ed hab\u00eda una de esas rarezas gastron\u00f3micas asi\u00e1ticas en Am\u00e9rica, un lirio Japon\u00e9s, que era una delicia seg\u00fan lo que se hab\u00eda escuchado. Adem\u00e1s que hab\u00eda que consumirlo y visitar el lago pronto, pues el tal lirio Japon\u00e9s se acabara el lago, y ni lirio quedara. As\u00ed los patos ayudaban v\u00eda la gastronom\u00eda a reestablecer el sistema ecol\u00f3gico de Xochimilco. (eso piensan ellos, nosotros no sabemos, ha de ser sabidur\u00eda de pato)<\/p>\n<p class=\"western\" lang=\"es-MX\" align=\"justify\">\n<p class=\"western\" lang=\"es-MX\" align=\"justify\">Bueno, pues en esa ma\u00f1ana fresca de discusi\u00f3n estaban nuestros patos. Pero no se encontraban muy solos que digamos, normalmente a la misma hora se levantan tambi\u00e9n las escopetas, tirando a la calmada serenidad de la ma\u00f1ana y matando a dos que tres que cuatro que cinco o a veces m\u00e1s compas patos, haci\u00e9ndoles emprender el vuelo en forma desagradable y haciendo de la muerte algo absurdo y est\u00fapido, pues ni para pato a la naranja los usaban despu\u00e9s de muertos, eran disecados y colocados como trofeos con un gran letrero abajo que dice: Yo lo mate,  con el sacrificio de levantarme m\u00e1s temprano que los patos y corriendo mi vida gran riesgo. Yo  gran cazador (uka, uka) a una distancia insegura (y no me lo trague.)<\/p>\n<p class=\"western\" lang=\"es-MX\" align=\"justify\">Probablemente el riesgo consiste en esos lugares tan norte\u00f1os en contraer una pulmon\u00eda.<\/p>\n<p class=\"western\" lang=\"es-MX\" align=\"justify\">\n<p class=\"western\" lang=\"es-MX\">Los patos ya estaban algo hartos que en esa temporada se les acosara de tal forma por las ma\u00f1anas, no los dejaban discutir a gusto la ruta de migraci\u00f3n y su organizaci\u00f3n. En estas reuniones preeliminares para la migraci\u00f3n se planean varias cosas. El lugar a donde van a llegar, la ruta de migraci\u00f3n y por \u00faltimo la organizaci\u00f3n log\u00edstica de la migraci\u00f3n, bueno no sabemos si es log\u00edstica. El caso es que en el \u00faltimo punto se organiza que pato es el que va a ser el puntero para llevar acabo el vuelo en V y de esa forma gastar menos energ\u00eda para que todos los patos puedan disfrutar de las delicias del sur, esta vez en Xochimilco.<\/p>\n<p class=\"western\" lang=\"es-MX\">Esta ma\u00f1ana estaba a discusi\u00f3n si en la ruta pod\u00edan desviarse al lago de Texcoco para dar una de esas visitas para alegrar sus corazones de patos y el de los habitantes de Texcoco con la esperanza de que hubiera un lago al lado de Santiaguito, tambi\u00e9n estaba el problema de c\u00f3mo organizarse en Xochimilco con los otros patos y aves que llegaban a dicho lago, claro para no ocasionar alg\u00fan conflicto entre localillos y nuevos visitantes. Ellos saben bien lo que es eso, pues les ha sucedido continuamente que como cada vez ah\u00ed menos agua a donde aterrizar, empiezan a ver aglomeraciones y conflictos entre emigrantes y localillos, sobre todo si no se llega con respeto por ambas partes. Pero como la sabidur\u00eda pata (o pato) es muy grande (eso nos contaron) ese respeto y convivencia  lo han logrado llevar muy bien con los localillos y con los visitantes, dialogando y escuchando con mucho respeto al otro y con el coraz\u00f3n abierto. (Y no por las escopetas) No ha sido del todo f\u00e1cil y les ha llevado tiempo aprender pero ah\u00ed van, dicen. Claro que siempre llegan a esos puntos a la carrera, ya que no tarda en escucharse el primer tiro y ah\u00ed cae un compa\u00f1ero pato y ah\u00ed salen volando todos los dem\u00e1s patos, con tal desorden que no pueden economizar f\u00e1cilmente energ\u00eda, ni ver para donde jalan, y eso que nuestros patos son muy concientes del calentamiento global y toda esa pata\u00f1a (patra\u00f1a como dicen los hombres.)  Bueno pero les est\u00e1bamos contando que los patos ya estaban hasta el copete de tiro que tira que cae de las escopetas, as\u00ed que pese a la prisa de organizar el viaje, los patos decidieron que esa situaci\u00f3n no pod\u00eda continuar as\u00ed. Hab\u00eda llegado el momento. Si hab\u00eda llegado el momento como en un momento anterior le llego el momento a la tortuga que sus padres los palomos le informaran&#8230; ese es otro cuento.<\/p>\n<p class=\"western\" lang=\"es-MX\" align=\"justify\">\u00a1Ya BASTA! Cuacaban los patos, esto no puede seguir as\u00ed, se tiene que hacer algo urgente, y convocaron a asamblea general esa misma ma\u00f1ana con todos los patos de la laguna. (Nota de nosotros: pensamos que fue en uno de los grandes lagos, mas no tenemos la seguridad que as\u00ed fuera.) Entonces dichos patos ya estaban unidos en la asamblea general, se hab\u00eda aplazado la discusi\u00f3n de la ruta para despu\u00e9s. Se aplazo tan solo un poquito, eso nos dijeron.<\/p>\n<p class=\"western\" lang=\"es-MX\" align=\"justify\">\n<p class=\"western\" lang=\"es-MX\" align=\"justify\">En la asamblea se decide que los patos le dispararan ahora a las escopetas. Es decir que ya van a poder hacer sus planes y sus cosas tranquilos.<\/p>\n<p class=\"western\" lang=\"es-MX\" align=\"justify\">\n<p class=\"western\" lang=\"es-MX\" align=\"justify\">Para nuestra desgracia los patos son muy recelosos y no nos han contado su estrategia para dispararles a las escopetas, pero lo que hemos escuchado rumores que ser\u00e1  por abajo del agua a la siniestra. Tal vez se hagan patos buzos siniestros.<\/p>\n<p class=\"western\" lang=\"es-MX\" align=\"justify\">\n<p class=\"western\" lang=\"es-MX\" align=\"justify\">\u00a1Tierra, Agua y Libertad!<\/p>\n<p class=\"western\" lang=\"es-MX\" align=\"justify\">\n<p class=\"western\" lang=\"es-MX\" align=\"justify\">\u00a1Presos pol\u00edticos Libertad!<\/p>\n<p class=\"western\" lang=\"es-MX\" align=\"justify\">\n<p class=\"western\" lang=\"es-MX\" align=\"justify\">alf&#8230;<\/p>\n<p class=\"western\" lang=\"es-MX\" align=\"justify\">\n<p class=\"western\" lang=\"es-MX\" align=\"justify\">P. D. Para todos los bi\u00f3logos expertos en patos, no nos quisieron informar nuestros patos que com\u00edan as\u00ed que los pusimos a comer bichos y plantas. Los lirios de Xochimilco no sabemos si son japoneses, pero cuenta la leyenda que la esposa de un expresidente le parecieron muy lindos y por eso los mando poner en el lago, ahora son plaga. Pero como dijimos  es leyenda, no tenemos referencias, adem\u00e1s tan solo es un cuento.<\/p>\n<p class=\"western\" lang=\"es-MX\" align=\"justify\">Decidi\u00f3 la asamblea de los patos en que deb\u00edan de pasar por Atenco ya que fueron sus habitantes quienes salvaron su lago de Texcoco. Tambi\u00e9n s\u00e9 acord\u00f3 visitar el plant\u00f3n frente a las c\u00e1rceles y las c\u00e1rceles (al fin ellos ya no les temen a las escopetas, ahora les tiran) y mandarles el cuento a los compa\u00f1eros presos y darles con su vuelo un respiro de libertad. Y de paso, cagar a todas las autoridades mexicanas, tanto jueces como polic\u00edas y pol\u00edticos. Estuvo en fuerte discusi\u00f3n ir a Oaxaca, pero como solo se les ocurr\u00eda la costa para llegar decidieron que ah\u00ed serian los pel\u00edcanos los encargados de enviar los aires de libertad y el cuento.<\/p>\n<p class=\"western\" lang=\"es-MX\" align=\"justify\">Y \u00faltima, (esta ser\u00e1 en singular) quiero dedicar el cuento no solo a los compa\u00f1eros, sino tambi\u00e9n a las tres o cuatro o cinco personitas hijos de amigos y familiares quienes me dan esperanzas y fuerza para que esto salga como debe de salir, bien. Tal vez a ellos si les cuenten los patos como le hicieron mientras chapotean en la tina.<\/p>\n<p class=\"western\" lang=\"es-MX\" align=\"justify\">Ya ahora s\u00ed la \u00faltima. Quiero agradecer a los directores, actores y dem\u00e1s participantes de \u201ctemporada de patos\u201d, que me dieron esa comunicaci\u00f3n tan abierta con los patos. Por cierto la tengo copiada y pirata y no se azoten, que eso no quita que me haya gustado su pel\u00edcula, solo espero que no me embarguen mi cuartito los del GDF, con ellos ya no tengo esperanza de que hagan las cosas bien.<\/p>\n<p class=\"western\" lang=\"es-MX\" align=\"justify\">\n<p class=\"western\" lang=\"es-MX\" align=\"justify\">TAN, TAN.<\/p>\n<p class=\"western\" lang=\"es-MX\" align=\"justify\">\n<figure id=\"attachment_753\" aria-describedby=\"caption-attachment-753\" style=\"width: 241px\" class=\"wp-caption aligncenter\"><a href=\"http:\/\/wordpress.p156327.webspaceconfig.de\/wp-content\/uploads\/2009\/02\/patos.jpg\"><img loading=\"lazy\" decoding=\"async\" class=\"size-medium wp-image-753\" title=\"patos\" src=\"http:\/\/wordpress.p156327.webspaceconfig.de\/wp-content\/uploads\/2009\/02\/patos-241x300.jpg\" alt=\"Patos, Foto: Marie V\u00e9die\" width=\"241\" height=\"300\" srcset=\"https:\/\/tierraylibertad.org\/wp-content\/uploads\/2009\/02\/patos-241x300.jpg 241w, https:\/\/tierraylibertad.org\/wp-content\/uploads\/2009\/02\/patos-825x1024.jpg 825w, https:\/\/tierraylibertad.org\/wp-content\/uploads\/2009\/02\/patos.jpg 1925w\" sizes=\"auto, (max-width: 241px) 100vw, 241px\" \/><\/a><figcaption id=\"caption-attachment-753\" class=\"wp-caption-text\">Patos, Foto: Marie V\u00e9die<\/figcaption><\/figure>\n","protected":false},"excerpt":{"rendered":"<p>Pre data: \u00a1Los patos unidos jam\u00e1s ser\u00e1n vencidos! Va ke va otro cuento: Cuando los patos le empezaron a tirar a las escopetas. \u00bfInveros\u00edmil? \u00bfIrreal? \u00bfImpensable? \u00bfC\u00f3mo comenzamos un relato de una historia \u201cin\u201d? Empezaremos con un: Todo comenz\u00f3 uno de esos d\u00edas de oto\u00f1o o \u00bffue verano? No pudo ser verano tal vez primavera. [&hellip;]<\/p>\n","protected":false},"author":2,"featured_media":0,"comment_status":"open","ping_status":"open","sticky":false,"template":"","format":"standard","meta":{"footnotes":""},"categories":[5],"tags":[16,32,35],"class_list":["post-77","post","type-post","status-publish","format-standard","hentry","category-cuentos","tag-atenco","tag-oaxaca","tag-otro-mundo"],"_links":{"self":[{"href":"https:\/\/tierraylibertad.org\/index.php\/wp-json\/wp\/v2\/posts\/77","targetHints":{"allow":["GET"]}}],"collection":[{"href":"https:\/\/tierraylibertad.org\/index.php\/wp-json\/wp\/v2\/posts"}],"about":[{"href":"https:\/\/tierraylibertad.org\/index.php\/wp-json\/wp\/v2\/types\/post"}],"author":[{"embeddable":true,"href":"https:\/\/tierraylibertad.org\/index.php\/wp-json\/wp\/v2\/users\/2"}],"replies":[{"embeddable":true,"href":"https:\/\/tierraylibertad.org\/index.php\/wp-json\/wp\/v2\/comments?post=77"}],"version-history":[{"count":0,"href":"https:\/\/tierraylibertad.org\/index.php\/wp-json\/wp\/v2\/posts\/77\/revisions"}],"wp:attachment":[{"href":"https:\/\/tierraylibertad.org\/index.php\/wp-json\/wp\/v2\/media?parent=77"}],"wp:term":[{"taxonomy":"category","embeddable":true,"href":"https:\/\/tierraylibertad.org\/index.php\/wp-json\/wp\/v2\/categories?post=77"},{"taxonomy":"post_tag","embeddable":true,"href":"https:\/\/tierraylibertad.org\/index.php\/wp-json\/wp\/v2\/tags?post=77"}],"curies":[{"name":"wp","href":"https:\/\/api.w.org\/{rel}","templated":true}]}}