{"id":368,"date":"2009-04-25T12:42:41","date_gmt":"2009-04-25T11:42:41","guid":{"rendered":"http:\/\/tierraylibertad.org.w01d42ae.kasserver.com\/?p=368"},"modified":"2009-04-25T12:42:41","modified_gmt":"2009-04-25T11:42:41","slug":"gripa-y-sospechas","status":"publish","type":"post","link":"https:\/\/tierraylibertad.org\/index.php\/2009\/04\/gripa-y-sospechas\/","title":{"rendered":"Gripa y sospechas"},"content":{"rendered":"<p>Hola a todos<\/p>\n<p>Tal vez me estoy volando la barda, tal vez solamente, tal vez&#8230;<\/p>\n<p>Tal vez es que no les creo nada de lo que dicen o hacen.<\/p>\n<p>Con esta gripa en M\u00e9xico, tal vez sea un insencible e inconciente por el siguiente comentario.<\/p>\n<p>Pero \u00bfpor qu\u00e9\u00a0 si para la ONU no es una pandemia, para el gobierno de Calder\u00f3n en M\u00e9xico si lo es?<\/p>\n<p>\u00bfPor qu\u00e9 se da la noticia de la suspenci\u00f3n de clases el jueves 23 de abril a las 23 horas? Cuando, si alquien se entera es probablemente porque no tiene que ir a clases al d\u00eda siguiente.<\/p>\n<p>\u00bfPor que 10 y no 3 o 5 d\u00edas?\u00bfy despu\u00e9s el virus se va a dormir a su casa o que ondas?<\/p>\n<p>\u00bfPor empidemia no ser\u00e1n escuchadas las demandas de los trbajadores este 1 de mayo?<\/p>\n<p>Pues la poblaci\u00f3n esta m\u00e1s preocupada y ocupada con algo m\u00e1s fundamental que es su salud.<\/p>\n<p>\u00bfA quien y como beneficia la declaraci\u00f3n de la epidemia en M\u00e9xico?<\/p>\n<p>Y si se logra controlar esta no empidemia para la ONU\u00a0 \u00bfa quien y de que forma beneficia esto pol\u00edticamente, adem\u00e1s de el beneficio claro para la poblaci\u00f3n?<\/p>\n<p>Ya que finalmente la poblaci\u00f3n no va obter de esta pandemia un mejor sistema de salud, ni mejor educaci\u00f3n por parte del gobierno federal.<\/p>\n<p>Bueno son preguntas que me estan moviendo la cabeza y no es por llevar la contrar\u00eda es por la informaci\u00f3n contradictoria de los distintos medios que me esta llegando.<\/p>\n<p>Va ke va<\/p>\n<p>saludos a los que lleguen a leer estas lineas en alg\u00fan lugar de este planeta, en un blog dentro de alg\u00fan lugar del no espaci\u00f3n.<\/p>\n<p>alf&#8230;<\/p>\n","protected":false},"excerpt":{"rendered":"<p>Hola a todos Tal vez me estoy volando la barda, tal vez solamente, tal vez&#8230; Tal vez es que no les creo nada de lo que dicen o hacen. Con esta gripa en M\u00e9xico, tal vez sea un insencible e inconciente por el siguiente comentario. Pero \u00bfpor qu\u00e9\u00a0 si para la ONU no es una [&hellip;]<\/p>\n","protected":false},"author":2,"featured_media":0,"comment_status":"open","ping_status":"open","sticky":false,"template":"","format":"standard","meta":{"footnotes":""},"categories":[6,10],"tags":[28],"class_list":["post-368","post","type-post","status-publish","format-standard","hentry","category-denuncias-e-informacion","category-opiniones","tag-influenza"],"_links":{"self":[{"href":"https:\/\/tierraylibertad.org\/index.php\/wp-json\/wp\/v2\/posts\/368","targetHints":{"allow":["GET"]}}],"collection":[{"href":"https:\/\/tierraylibertad.org\/index.php\/wp-json\/wp\/v2\/posts"}],"about":[{"href":"https:\/\/tierraylibertad.org\/index.php\/wp-json\/wp\/v2\/types\/post"}],"author":[{"embeddable":true,"href":"https:\/\/tierraylibertad.org\/index.php\/wp-json\/wp\/v2\/users\/2"}],"replies":[{"embeddable":true,"href":"https:\/\/tierraylibertad.org\/index.php\/wp-json\/wp\/v2\/comments?post=368"}],"version-history":[{"count":0,"href":"https:\/\/tierraylibertad.org\/index.php\/wp-json\/wp\/v2\/posts\/368\/revisions"}],"wp:attachment":[{"href":"https:\/\/tierraylibertad.org\/index.php\/wp-json\/wp\/v2\/media?parent=368"}],"wp:term":[{"taxonomy":"category","embeddable":true,"href":"https:\/\/tierraylibertad.org\/index.php\/wp-json\/wp\/v2\/categories?post=368"},{"taxonomy":"post_tag","embeddable":true,"href":"https:\/\/tierraylibertad.org\/index.php\/wp-json\/wp\/v2\/tags?post=368"}],"curies":[{"name":"wp","href":"https:\/\/api.w.org\/{rel}","templated":true}]}}