{"id":3026,"date":"2021-06-25T21:50:45","date_gmt":"2021-06-25T20:50:45","guid":{"rendered":"http:\/\/tierraylibertad.org.w01d42ae.kasserver.com\/?p=3026"},"modified":"2021-06-25T22:01:40","modified_gmt":"2021-06-25T21:01:40","slug":"por-la-vida-un-desembarco","status":"publish","type":"post","link":"https:\/\/tierraylibertad.org\/index.php\/2021\/06\/por-la-vida-un-desembarco\/","title":{"rendered":"Por la Vida un desembarco"},"content":{"rendered":"\n<p><img loading=\"lazy\" decoding=\"async\" width=\"150\" height=\"150\" class=\"wp-image-3027\" style=\"width: 150px;\" src=\"https:\/\/tierraylibertad.org\/wp-content\/uploads\/2021\/06\/porlavida.jpg\" alt=\"\" srcset=\"https:\/\/tierraylibertad.org\/wp-content\/uploads\/2021\/06\/porlavida.jpg 640w, https:\/\/tierraylibertad.org\/wp-content\/uploads\/2021\/06\/porlavida-300x300.jpg 300w, https:\/\/tierraylibertad.org\/wp-content\/uploads\/2021\/06\/porlavida-150x150.jpg 150w\" sizes=\"auto, (max-width: 150px) 100vw, 150px\" \/><\/p>\n\n\n\n<p>Hola a todos,<\/p>\n\n\n\n<p>Ya se que todo el que ha llegado a este Blog, pues ya algo han de saber y de todos modos lo comparto y CORRAN LA VOZ.<\/p>\n\n\n\n<p>Pues les quiero compartir una canci\u00f3n y una historia, una historia de resistencia, una historia incre\u00edble, una historia que comenz\u00f3 en 1983 un 17 de noviembre, se hizo visible un 1 de enero de 1994 y un 22 de junio de 2021 continua en Europa, Europa renombrada como tierra insumisa un 22 de junio de 2021. Esta es la historia de unos ind\u00edgenas mayas que tomaron la bandera del general Zapata de la revoluci\u00f3n mexicana de 1910 y se levantaron en armas pues sus condiciones de miseria no les hab\u00eda dejado otra opci\u00f3n, m\u00e1s que levantarse en armas para vivir. Estos ind\u00edgenas escucharon a la sociedad civil y pararon la guerra y desde febrero de 1994 no han vuelto a sonar las armas, pero si la autonom\u00eda de sus pueblos y han construido escuelas y un modesto sistema de salud y han recuperado tierras ancestrales que les fueron arrebatadas y han encontrado su libertad y ya no se mueren de hambre ni de enfermedades curables y ahora se gobiernan a ellos mismos en armon\u00eda con la naturaleza. Despu\u00e9s de 27 a\u00f1os de lucha han mandado a una delegaci\u00f3n de 7 zapatistas \u00a0y han cruzado el mar en un barco de vela, en la monta\u00f1a en la Stahlratte, siguiendo la ruta de regreso a Europa para llegar a hacer una invasi\u00f3n \u201ePOR LA VIDA\u201c. Se que esto no parece sorprendente, menos a los europeos que est\u00e1n tan acostumbrados a cruzar los mares y viajar, pues el nivel econ\u00f3mico de muchos europeos se los permite, pero que unos ind\u00edgenas lleguen cruzando el mar y que son los primeros de 160 compa\u00f1eros zapatistas no es una historia peque\u00f1a, es una historia heroica, pues le han ganando a la muerte y han ganado su libertad y vienen a europa a escuchar a todos aquellos quienes luchan por un mundo mejor y a compartir victorias y dolores y experiencias y sobre todo compartir libertad.<br> As\u00ed que desplegando la manta de los zapatistas frente al puerto de Vigo Galicia se podr\u00e1n ustedes leer:<br>DESPERTAD<br>por un mundo donde quepan muchos mundos.<\/p>\n\n\n\n<p>Ser\u00eda hermoso que pudieran dar resonancia a este hecho a este cruce por la vida, y nos veremos en Madrid el 13 de agosto, 500 a\u00f1os despu\u00e9s de la derrota de M\u00e9xico-Tenochtitlan y diremos no nos vencieron, Aqu\u00ed estamos y RESISTIMOS.<\/p>\n\n\n\n<p>Por la Vida.<br>va que va, pues saludos y una canci\u00f3n del desembarco<br>Espero me lean y m\u00e1s espero que lo griten, que esto se suma a todas las luchas por los migrantes, contra la guerra, contra el calentamiento global, por el mundo.<\/p>\n\n\n\n<p>va ke va<br>\u00a1Tierra, agua y LIBERTAD!<br>alf-redo-Ik\u2026mil-puertas-Viento&#8230;<\/p>\n\n\n\n<figure class=\"wp-block-embed is-type-video is-provider-youtube wp-block-embed-youtube wp-embed-aspect-16-9 wp-has-aspect-ratio\"><div class=\"wp-block-embed__wrapper\">\n<iframe loading=\"lazy\" title=\"El desembarco - Ankunft indigener Rebell_innen der EZLN aus Mexiko in Vigo, Galizien, 22.6.2021\" width=\"500\" height=\"281\" src=\"https:\/\/www.youtube.com\/embed\/v2hfAekQZfQ?start=202&#038;feature=oembed\" frameborder=\"0\" allow=\"accelerometer; autoplay; clipboard-write; encrypted-media; gyroscope; picture-in-picture; web-share\" referrerpolicy=\"strict-origin-when-cross-origin\" allowfullscreen><\/iframe>\n<\/div><\/figure>\n","protected":false},"excerpt":{"rendered":"<p>Hola a todos, Ya se que todo el que ha llegado a este Blog, pues ya algo han de saber y de todos modos lo comparto y CORRAN LA VOZ. Pues les quiero compartir una canci\u00f3n y una historia, una historia de resistencia, una historia incre\u00edble, una historia que comenz\u00f3 en 1983 un 17 de [&hellip;]<\/p>\n","protected":false},"author":2,"featured_media":0,"comment_status":"open","ping_status":"open","sticky":false,"template":"","format":"standard","meta":{"footnotes":""},"categories":[62,10],"tags":[],"class_list":["post-3026","post","type-post","status-publish","format-standard","hentry","category-ke-punk-ro","category-opiniones"],"_links":{"self":[{"href":"https:\/\/tierraylibertad.org\/index.php\/wp-json\/wp\/v2\/posts\/3026","targetHints":{"allow":["GET"]}}],"collection":[{"href":"https:\/\/tierraylibertad.org\/index.php\/wp-json\/wp\/v2\/posts"}],"about":[{"href":"https:\/\/tierraylibertad.org\/index.php\/wp-json\/wp\/v2\/types\/post"}],"author":[{"embeddable":true,"href":"https:\/\/tierraylibertad.org\/index.php\/wp-json\/wp\/v2\/users\/2"}],"replies":[{"embeddable":true,"href":"https:\/\/tierraylibertad.org\/index.php\/wp-json\/wp\/v2\/comments?post=3026"}],"version-history":[{"count":0,"href":"https:\/\/tierraylibertad.org\/index.php\/wp-json\/wp\/v2\/posts\/3026\/revisions"}],"wp:attachment":[{"href":"https:\/\/tierraylibertad.org\/index.php\/wp-json\/wp\/v2\/media?parent=3026"}],"wp:term":[{"taxonomy":"category","embeddable":true,"href":"https:\/\/tierraylibertad.org\/index.php\/wp-json\/wp\/v2\/categories?post=3026"},{"taxonomy":"post_tag","embeddable":true,"href":"https:\/\/tierraylibertad.org\/index.php\/wp-json\/wp\/v2\/tags?post=3026"}],"curies":[{"name":"wp","href":"https:\/\/api.w.org\/{rel}","templated":true}]}}