{"id":2736,"date":"2016-10-26T19:57:45","date_gmt":"2016-10-26T18:57:45","guid":{"rendered":"http:\/\/tierraylibertad.org.w01d42ae.kasserver.com\/?p=2736"},"modified":"2016-10-26T20:08:32","modified_gmt":"2016-10-26T19:08:32","slug":"mov_arg_radios_libres2016","status":"publish","type":"post","link":"https:\/\/tierraylibertad.org\/index.php\/2016\/10\/mov_arg_radios_libres2016\/","title":{"rendered":"Convocan a movilizaci\u00f3n los Medios Libres, Comunitarios y Alternativosel 26 de octubre en Argentina."},"content":{"rendered":"<div>\n<div>\n<div class=\"_3-8y _2lhm\">\n<div>\n<div>\n<div>\n<div>\n<div class=\"_5inf\">L<span data-ft=\"{&quot;tn&quot;:&quot;K&quot;}\"><span data-ft=\"{&quot;tn&quot;:&quot;K&quot;}\"><span class=\"UFICommentBody\">os medios comunitarios de todo el pa\u00eds (Argentina) estamos convocando este mi\u00e9rcoles 26 de octubre a las 16hs una nueva movilizaci\u00f3n al Ente Nacional de Comunicaci\u00f3n (Enacom) ubicado en la calle de Per\u00fa 106, 1067 Ciudad de Buenos Aires, Argentina,\u00a0<\/span><\/span><\/span><span data-ft=\"{&quot;tn&quot;:&quot;K&quot;}\"><span class=\"fsm fwn fcg\"> ya que, como con todos los sectores y conflictos hasta ahora, la gesti\u00f3n Cambiemos no ha escuchado nuestros reclamos en lo absoluto. Exigimos:<\/span><\/span><\/div>\n<\/div>\n<\/div>\n<\/div>\n<\/div>\n<\/div>\n<\/div>\n<\/div>\n<p><span data-ft=\"{&quot;tn&quot;:&quot;K&quot;}\"><span class=\"UFICommentBody\">* Pago de los FOMECAS Adeudados.<\/span><\/span><br \/>\n<span data-ft=\"{&quot;tn&quot;:&quot;K&quot;}\"><span class=\"UFICommentBody\">* HABILITACION de los canales comunitarios concursados: Barricada TV, Urbana TV y Pares TV. Basta de interferencias de Canal 13.<\/span><\/span><br \/>\n<span data-ft=\"{&quot;tn&quot;:&quot;K&quot;}\"><span class=\"UFICommentBody\">* Reconocimiento Legal y Devoluci\u00f3n de los equipos a ANTENA NEGRA TV.<\/span><\/span><br \/>\n<span data-ft=\"{&quot;tn&quot;:&quot;K&quot;}\"><span class=\"UFICommentBody\">* Resoluci\u00f3n de los CONCURSOS pendientes para radio y televisi\u00f3n comunitarias.<\/span><\/span><br \/>\n<span data-ft=\"{&quot;tn&quot;:&quot;K&quot;}\"><span class=\"UFICommentBody\">* Cumplimiento de la RESERVA del 33% para las sin fines de lucro y elaboraci\u00f3n del Plan T\u00e9cnico.<\/span><\/span><br \/>\n<span data-ft=\"{&quot;tn&quot;:&quot;K&quot;}\"><span class=\"UFICommentBody\">Esperamos que nos acompa\u00f1en nuevamente en \u00e9sta, como los acompa\u00f1amos tambi\u00e9n desde los medios populares en cada una de sus luchas, que tambi\u00e9n son nuestras.<\/span><\/span><\/p>\n<div class=\"\">\n<div class=\"UFICommentContentBlock\">\n<div class=\"UFICommentContent\"><span class=\"profileLink\" dir=\"ltr\" data-ft=\"{&quot;tn&quot;:&quot;K&quot;}\" data-hovercard=\"\/ajax\/hovercard\/hovercard.php?id=212698472475273&amp;extragetparams=%7B%22hc_location%22%3A%22ufi%22%7D\"><span class=\"UFICommentBody\"><a href=\"https:\/\/tierraylibertad.org\/wp-content\/uploads\/2016\/10\/movmedilibrearg16.jpg\"><img loading=\"lazy\" decoding=\"async\" class=\"aligncenter size-full wp-image-2737\" src=\"https:\/\/tierraylibertad.org\/wp-content\/uploads\/2016\/10\/movmedilibrearg16.jpg\" alt=\"movmedilibrearg16\" width=\"960\" height=\"371\" srcset=\"https:\/\/tierraylibertad.org\/wp-content\/uploads\/2016\/10\/movmedilibrearg16.jpg 960w, https:\/\/tierraylibertad.org\/wp-content\/uploads\/2016\/10\/movmedilibrearg16-300x115.jpg 300w, https:\/\/tierraylibertad.org\/wp-content\/uploads\/2016\/10\/movmedilibrearg16-150x57.jpg 150w, https:\/\/tierraylibertad.org\/wp-content\/uploads\/2016\/10\/movmedilibrearg16-400x154.jpg 400w\" sizes=\"auto, (max-width: 960px) 100vw, 960px\" \/><\/a><br \/>\n<a class=\"profileLink\" dir=\"ltr\" href=\"https:\/\/www.facebook.com\/events\/212698472475273\/?hc_location=ufi\" target=\"_blank\" data-hovercard=\"\/ajax\/hovercard\/hovercard.php?id=212698472475273&amp;extragetparams=%7B%22hc_location%22%3A%22ufi%22%7D\">https:\/\/www.facebook.com\/events\/212698472475273\/<\/a><\/span><\/span><\/div>\n<\/div>\n<\/div>\n<p>&nbsp;<\/p>\n","protected":false},"excerpt":{"rendered":"<p>Los medios comunitarios de todo el pa\u00eds (Argentina) estamos convocando este mi\u00e9rcoles 26 de octubre a las 16hs una nueva movilizaci\u00f3n al Ente Nacional de Comunicaci\u00f3n (Enacom) ubicado en la calle de Per\u00fa 106, 1067 Ciudad de Buenos Aires, Argentina,\u00a0 ya que, como con todos los sectores y conflictos hasta ahora, la gesti\u00f3n Cambiemos no [&hellip;]<\/p>\n","protected":false},"author":2,"featured_media":0,"comment_status":"open","ping_status":"open","sticky":false,"template":"","format":"standard","meta":{"footnotes":""},"categories":[6,11],"tags":[54],"class_list":["post-2736","post","type-post","status-publish","format-standard","hentry","category-denuncias-e-informacion","category-articulos-y-otros-mundos","tag-radios-comunitarias"],"_links":{"self":[{"href":"https:\/\/tierraylibertad.org\/index.php\/wp-json\/wp\/v2\/posts\/2736","targetHints":{"allow":["GET"]}}],"collection":[{"href":"https:\/\/tierraylibertad.org\/index.php\/wp-json\/wp\/v2\/posts"}],"about":[{"href":"https:\/\/tierraylibertad.org\/index.php\/wp-json\/wp\/v2\/types\/post"}],"author":[{"embeddable":true,"href":"https:\/\/tierraylibertad.org\/index.php\/wp-json\/wp\/v2\/users\/2"}],"replies":[{"embeddable":true,"href":"https:\/\/tierraylibertad.org\/index.php\/wp-json\/wp\/v2\/comments?post=2736"}],"version-history":[{"count":0,"href":"https:\/\/tierraylibertad.org\/index.php\/wp-json\/wp\/v2\/posts\/2736\/revisions"}],"wp:attachment":[{"href":"https:\/\/tierraylibertad.org\/index.php\/wp-json\/wp\/v2\/media?parent=2736"}],"wp:term":[{"taxonomy":"category","embeddable":true,"href":"https:\/\/tierraylibertad.org\/index.php\/wp-json\/wp\/v2\/categories?post=2736"},{"taxonomy":"post_tag","embeddable":true,"href":"https:\/\/tierraylibertad.org\/index.php\/wp-json\/wp\/v2\/tags?post=2736"}],"curies":[{"name":"wp","href":"https:\/\/api.w.org\/{rel}","templated":true}]}}