{"id":2686,"date":"2016-05-05T09:33:27","date_gmt":"2016-05-05T08:33:27","guid":{"rendered":"http:\/\/tierraylibertad.org.w01d42ae.kasserver.com\/?p=2686"},"modified":"2016-05-05T09:35:08","modified_gmt":"2016-05-05T08:35:08","slug":"10-atenco","status":"publish","type":"post","link":"https:\/\/tierraylibertad.org\/index.php\/2016\/05\/10-atenco\/","title":{"rendered":"10 a\u00f1os \u00a1Atenco no se olvida!"},"content":{"rendered":"<p style=\"text-align: right;\"><strong>3 de mayo 2016<\/strong><\/p>\n<p><strong>Recuerdo de Atenco:<\/strong><\/p>\n<figure id=\"attachment_253\" aria-describedby=\"caption-attachment-253\" style=\"width: 225px\" class=\"wp-caption alignright\"><a href=\"https:\/\/tierraylibertad.org\/wp-content\/uploads\/2009\/04\/cartel_atenco.jpg\"><img loading=\"lazy\" decoding=\"async\" class=\"size-medium wp-image-253\" src=\"https:\/\/tierraylibertad.org\/wp-content\/uploads\/2009\/04\/cartel_atenco-225x300.jpg\" alt=\"Libertad a los presos pol\u00edticos\" width=\"225\" height=\"300\" srcset=\"https:\/\/tierraylibertad.org\/wp-content\/uploads\/2009\/04\/cartel_atenco-225x300.jpg 225w, https:\/\/tierraylibertad.org\/wp-content\/uploads\/2009\/04\/cartel_atenco-768x1024.jpg 768w, https:\/\/tierraylibertad.org\/wp-content\/uploads\/2009\/04\/cartel_atenco.jpg 1063w\" sizes=\"auto, (max-width: 225px) 100vw, 225px\" \/><\/a><figcaption id=\"caption-attachment-253\" class=\"wp-caption-text\">Libertad a los presos pol\u00edticos<\/figcaption><\/figure>\n<p>Hace diez a\u00f1os desde el otro lado del mundo estaba siguiendo el caminar de la Otra Campa\u00f1a, cuando v\u00eda internet por la radio Ke huelga escucho la represi\u00f3n que se estaba llevando acabo contra los compa\u00f1eros de Atenco. La distancia y la impotencia de la distancia no impidieron que llamara a la embajada de M\u00e9xico para protestar y pararme enfrente del consulado mexicano al d\u00eda siguiente en protesta donde mi sorpresa fue encontrarme con otros compa\u00f1eros que tambi\u00e9n fueron a protestar contra la represi\u00f3n, el secuestro de 203 compas, el asesinato de un compa\u00f1eros y de un ni\u00f1o, la violaci\u00f3n de m\u00e1s de 20 mujeres en Atenco a ordenes de Enrique Pe\u00f1a Nieto.<\/p>\n<p>Despu\u00e9s continuamos la protesta y la lucha junto con otros compa\u00f1eros desde el otro lado del mundo. Era peque\u00f1a pero resonaba. Apoyamos con lo poquito que se puede a las compa\u00f1eras que llegaron a contar su historia buscando la solidaridad internacional para liberar a los 12 compa\u00f1eros secuestrados por el Estado. \u00bfY que creen? ganamos y los liberaron, pero la lucha por la Tierra continua hoy en d\u00eda con la nueva envestida de hacer un aeropuerto que adem\u00e1s de caro y mal situado geol\u00f3gicamente, busca arrebatar y reprimir a la gente que lucha por la Tierra.<\/p>\n<p>Y de esta forma mi Recuerdo Atenco se convierte en el recuerdo de que las batallas no se ganan sino se dan. Atenco es una lucha por la libertad, por la Tierra y por el pueblo. Es la lucha por un Mundo donde quepan muchos Mundos y por la humanidad.<\/p>\n<p>La tierra no se vende, se ama y se defiende<\/p>\n<p>\u00a1Tierra, agua y Libertad!<\/p>\n<p>alf-redo-Ik&#8230;mil-puertas-Viento<\/p>\n","protected":false},"excerpt":{"rendered":"<p>3 de mayo 2016 Recuerdo de Atenco: Hace diez a\u00f1os desde el otro lado del mundo estaba siguiendo el caminar de la Otra Campa\u00f1a, cuando v\u00eda internet por la radio Ke huelga escucho la represi\u00f3n que se estaba llevando acabo contra los compa\u00f1eros de Atenco. La distancia y la impotencia de la distancia no impidieron [&hellip;]<\/p>\n","protected":false},"author":2,"featured_media":0,"comment_status":"open","ping_status":"open","sticky":false,"template":"","format":"standard","meta":{"footnotes":""},"categories":[10],"tags":[],"class_list":["post-2686","post","type-post","status-publish","format-standard","hentry","category-opiniones"],"_links":{"self":[{"href":"https:\/\/tierraylibertad.org\/index.php\/wp-json\/wp\/v2\/posts\/2686","targetHints":{"allow":["GET"]}}],"collection":[{"href":"https:\/\/tierraylibertad.org\/index.php\/wp-json\/wp\/v2\/posts"}],"about":[{"href":"https:\/\/tierraylibertad.org\/index.php\/wp-json\/wp\/v2\/types\/post"}],"author":[{"embeddable":true,"href":"https:\/\/tierraylibertad.org\/index.php\/wp-json\/wp\/v2\/users\/2"}],"replies":[{"embeddable":true,"href":"https:\/\/tierraylibertad.org\/index.php\/wp-json\/wp\/v2\/comments?post=2686"}],"version-history":[{"count":0,"href":"https:\/\/tierraylibertad.org\/index.php\/wp-json\/wp\/v2\/posts\/2686\/revisions"}],"wp:attachment":[{"href":"https:\/\/tierraylibertad.org\/index.php\/wp-json\/wp\/v2\/media?parent=2686"}],"wp:term":[{"taxonomy":"category","embeddable":true,"href":"https:\/\/tierraylibertad.org\/index.php\/wp-json\/wp\/v2\/categories?post=2686"},{"taxonomy":"post_tag","embeddable":true,"href":"https:\/\/tierraylibertad.org\/index.php\/wp-json\/wp\/v2\/tags?post=2686"}],"curies":[{"name":"wp","href":"https:\/\/api.w.org\/{rel}","templated":true}]}}