{"id":2679,"date":"2016-01-18T21:34:15","date_gmt":"2016-01-18T20:34:15","guid":{"rendered":"http:\/\/tierraylibertad.org.w01d42ae.kasserver.com\/?p=2679"},"modified":"2016-01-18T21:34:58","modified_gmt":"2016-01-18T20:34:58","slug":"se-nos-fue-el-muneco-tex-comunicado-del-multiforo-alicia","status":"publish","type":"post","link":"https:\/\/tierraylibertad.org\/index.php\/2016\/01\/se-nos-fue-el-muneco-tex-comunicado-del-multiforo-alicia\/","title":{"rendered":"Se nos fue el Lalo Tex&#8230;Comunicado del Multiforo Alicia"},"content":{"rendered":"<p>Buenas pues corro la nota en este espaci\u00f3 de la muerte del Lalo Tex y tal vez necesitemos un toque m\u00e1gico:<\/p>\n<p>https:\/\/www.youtube.com\/watch?v=ifgRf3JBeO8<\/p>\n<p><strong>Multiforo Alicia<\/strong><\/p>\n<p>Amigos, agradecemos la lectura y difusi\u00f3n de este comunicado.<\/p>\n<p>Tex Tex<\/p>\n<p>Informamos con gran tristeza que Lalo Tex, \u201cel Mu\u00f1eco Mayor\u201d, falleci\u00f3 este lunes en la madrugada por motivos de salud. La familia agradece su comprensi\u00f3n y apoyo en este momento, por lo que pide su comprensi\u00f3n y respeto a su privacidad.<\/p>\n<div class=\"text_exposed_show\">\n<p>M\u00e1s tarde, por este conducto, se dar\u00e1 mayor informaci\u00f3n al respecto. La familia entiende el gran cari\u00f1o que se le tiene a Everardo Mujica S\u00e1nchez, nuestro querido Lalo Tex, voz, guitarra y alma de Tex Tex.<\/p>\n<p>Este a\u00f1o el grupo celebra 30 a\u00f1os de carrera ininterrumpida, 3 decenios de llevar alegr\u00eda a todos los rincones del pa\u00eds. \u201cEl Mu\u00f1eco\u201d y su hermano, Chucho Tex, estaban muy agradecidos por todo el cari\u00f1o que se les brind\u00f3 en todo este trayecto, que recorrieron con un p\u00fablico que los apoy\u00f3 invariablemente.<\/p>\n<p>Lalito siempre fue un maestro en el rocanrol, su peculiar forma de interpretar la m\u00fasica, de componer y, sobre todo, de desarrollarse sobre un escenario, le valieron ser uno de los grandes m\u00fasicos de nuestro pa\u00eds. Pedimos que esa misma alegr\u00eda que nos brind\u00f3, sea con la que se recuerde a este personaje. Sabemos que su presencia en nuestros corazones ser\u00e1 eterna.<\/p>\n<p>Por la tarde se ofrecer\u00e1 mayor informaci\u00f3n por este medio.<\/p>\n<p>&nbsp;<\/p>\n<\/div>\n","protected":false},"excerpt":{"rendered":"<p>Buenas pues corro la nota en este espaci\u00f3 de la muerte del Lalo Tex y tal vez necesitemos un toque m\u00e1gico: https:\/\/www.youtube.com\/watch?v=ifgRf3JBeO8 Multiforo Alicia Amigos, agradecemos la lectura y difusi\u00f3n de este comunicado. Tex Tex Informamos con gran tristeza que Lalo Tex, \u201cel Mu\u00f1eco Mayor\u201d, falleci\u00f3 este lunes en la madrugada por motivos de salud. [&hellip;]<\/p>\n","protected":false},"author":2,"featured_media":0,"comment_status":"open","ping_status":"open","sticky":false,"template":"","format":"standard","meta":{"footnotes":""},"categories":[6,11],"tags":[],"class_list":["post-2679","post","type-post","status-publish","format-standard","hentry","category-denuncias-e-informacion","category-articulos-y-otros-mundos"],"_links":{"self":[{"href":"https:\/\/tierraylibertad.org\/index.php\/wp-json\/wp\/v2\/posts\/2679","targetHints":{"allow":["GET"]}}],"collection":[{"href":"https:\/\/tierraylibertad.org\/index.php\/wp-json\/wp\/v2\/posts"}],"about":[{"href":"https:\/\/tierraylibertad.org\/index.php\/wp-json\/wp\/v2\/types\/post"}],"author":[{"embeddable":true,"href":"https:\/\/tierraylibertad.org\/index.php\/wp-json\/wp\/v2\/users\/2"}],"replies":[{"embeddable":true,"href":"https:\/\/tierraylibertad.org\/index.php\/wp-json\/wp\/v2\/comments?post=2679"}],"version-history":[{"count":0,"href":"https:\/\/tierraylibertad.org\/index.php\/wp-json\/wp\/v2\/posts\/2679\/revisions"}],"wp:attachment":[{"href":"https:\/\/tierraylibertad.org\/index.php\/wp-json\/wp\/v2\/media?parent=2679"}],"wp:term":[{"taxonomy":"category","embeddable":true,"href":"https:\/\/tierraylibertad.org\/index.php\/wp-json\/wp\/v2\/categories?post=2679"},{"taxonomy":"post_tag","embeddable":true,"href":"https:\/\/tierraylibertad.org\/index.php\/wp-json\/wp\/v2\/tags?post=2679"}],"curies":[{"name":"wp","href":"https:\/\/api.w.org\/{rel}","templated":true}]}}