{"id":2648,"date":"2015-11-17T20:26:04","date_gmt":"2015-11-17T19:26:04","guid":{"rendered":"http:\/\/tierraylibertad.org.w01d42ae.kasserver.com\/?p=2648"},"modified":"2015-11-28T11:08:44","modified_gmt":"2015-11-28T10:08:44","slug":"sobre-nuestros-muertos","status":"publish","type":"post","link":"https:\/\/tierraylibertad.org\/index.php\/2015\/11\/sobre-nuestros-muertos\/","title":{"rendered":"Sobre nuestros muertos"},"content":{"rendered":"<figure id=\"attachment_2650\" aria-describedby=\"caption-attachment-2650\" style=\"width: 300px\" class=\"wp-caption alignright\"><a href=\"https:\/\/tierraylibertad.org\/wp-content\/uploads\/2015\/11\/Peace-for-Paris_artikelBox.jpg\"><img loading=\"lazy\" decoding=\"async\" class=\"size-medium wp-image-2650\" src=\"https:\/\/tierraylibertad.org\/wp-content\/uploads\/2015\/11\/Peace-for-Paris_artikelBox-300x167.jpg\" alt=\"\u201ePeace for Paris\u201c  Jean Jullien \" width=\"300\" height=\"167\" srcset=\"https:\/\/tierraylibertad.org\/wp-content\/uploads\/2015\/11\/Peace-for-Paris_artikelBox-300x167.jpg 300w, https:\/\/tierraylibertad.org\/wp-content\/uploads\/2015\/11\/Peace-for-Paris_artikelBox-150x83.jpg 150w, https:\/\/tierraylibertad.org\/wp-content\/uploads\/2015\/11\/Peace-for-Paris_artikelBox-400x223.jpg 400w, https:\/\/tierraylibertad.org\/wp-content\/uploads\/2015\/11\/Peace-for-Paris_artikelBox.jpg 590w\" sizes=\"auto, (max-width: 300px) 100vw, 300px\" \/><\/a><figcaption id=\"caption-attachment-2650\" class=\"wp-caption-text\">\u201ePeace for Paris\u201c Jean Jullien<\/figcaption><\/figure>\n<p>\u00a1Ya esta! He estado viendo a todos opinar y\u00a0 enfurecerse de como los medios y la mayor\u00eda de la gente se ha solidarizado con Francia y parecen haber olvidado todas las otras masacres alrededor mundo.<\/p>\n<p>Por ello, he tomado la decisi\u00f3n de compartir una\u00a0 opini\u00f3n sobre el suceso de la semana pasada. Ya que este se mediatiz\u00f3 por\u00a0 los medios masivos de (des)informaci\u00f3n, donde todo se enfoc\u00f3 a los ataques en Francia, sin mucha menci\u00f3n a lo ocurrido en L\u00edbano.<\/p>\n<p>A muchos molesta que los muertos franceses y del norte global tengan m\u00e1s valor que los muertos del sur global en los medios de (des)inforamci\u00f3n. De acuerdo. Pero esto no me hace dejar de repudiar los ataques terroristas en Par\u00eds y expresar mi rechazo a la barbarie realizada por un grupo de fan\u00e1ticos religiosos. Expresar esto no me hace insensible contra el terrorismo en L\u00edbano o el terrorismo de Estado o del Narco en M\u00e9xico. Lo mismo me pasa con los estudiantes asesinados en Kenia o los Sirios y Kurdos v\u00edctimas del terrorismo Isl\u00e1mico y que decir del terrorismo del Estado Turco o Norteamericano o de quien salga el terrorismo.<\/p>\n<p>Y nuevamente tener cuidado, pues hay que recordar que el terrorismo no es un acto de guerra. Este esta dirigido contra la poblaci\u00f3n indefensa y no a bases militares. Los civiles muertos en los actos terroristas no pertenec\u00edan a un grupo armado, por lo tanto no ten\u00edan los medios, ni la preparaci\u00f3n, ni el tiempo para defenderse. <span data-offset-key=\"e0ovf-0-0\"><span data-text=\"true\">El terrorismo es contra los de abajo ya sea desde el Estado o el gran capital o desde el fanatismo religioso o ideol\u00f3gico. <\/span><\/span><\/p>\n<p><span data-offset-key=\"e0ovf-0-0\"><span data-text=\"true\">Hay que recordar que muchos de los medios los controlan los de arriba y en este caso est\u00e1n en manos de los capitales transnacionales con base en los pa\u00edses del norte global. Esto explica el actuar medi\u00e1tico, pero ello no nos quita el derecho de sentir nuestra la tragedia y el dolor de otros. Si los muertos son franceses o kenianos o sirios o palestinos o mexicanos a mi me duelen todos, pues son muertos de abajo. <\/span><\/span><\/p>\n<p><span data-offset-key=\"e0ovf-0-0\"><span data-text=\"true\">No hay que olvidarlos y luchar contra el fascismo en cualquier forma que se presente, secular, religiosa, capitalista o ideol\u00f3gica. <\/span><\/span><\/p>\n<p>\u00a1Ya basta!<\/p>\n<p>va ke va<\/p>\n<p>\u00a1Tierra, Agua y Libertad!<\/p>\n<p>alf-redo-Ik&#8230;mil-puertas-Viento&#8230;<\/p>\n<p>&nbsp;<\/p>\n","protected":false},"excerpt":{"rendered":"<p>\u00a1Ya esta! He estado viendo a todos opinar y\u00a0 enfurecerse de como los medios y la mayor\u00eda de la gente se ha solidarizado con Francia y parecen haber olvidado todas las otras masacres alrededor mundo. Por ello, he tomado la decisi\u00f3n de compartir una\u00a0 opini\u00f3n sobre el suceso de la semana pasada. Ya que este [&hellip;]<\/p>\n","protected":false},"author":2,"featured_media":0,"comment_status":"open","ping_status":"open","sticky":false,"template":"","format":"standard","meta":{"footnotes":""},"categories":[10],"tags":[],"class_list":["post-2648","post","type-post","status-publish","format-standard","hentry","category-opiniones"],"_links":{"self":[{"href":"https:\/\/tierraylibertad.org\/index.php\/wp-json\/wp\/v2\/posts\/2648","targetHints":{"allow":["GET"]}}],"collection":[{"href":"https:\/\/tierraylibertad.org\/index.php\/wp-json\/wp\/v2\/posts"}],"about":[{"href":"https:\/\/tierraylibertad.org\/index.php\/wp-json\/wp\/v2\/types\/post"}],"author":[{"embeddable":true,"href":"https:\/\/tierraylibertad.org\/index.php\/wp-json\/wp\/v2\/users\/2"}],"replies":[{"embeddable":true,"href":"https:\/\/tierraylibertad.org\/index.php\/wp-json\/wp\/v2\/comments?post=2648"}],"version-history":[{"count":0,"href":"https:\/\/tierraylibertad.org\/index.php\/wp-json\/wp\/v2\/posts\/2648\/revisions"}],"wp:attachment":[{"href":"https:\/\/tierraylibertad.org\/index.php\/wp-json\/wp\/v2\/media?parent=2648"}],"wp:term":[{"taxonomy":"category","embeddable":true,"href":"https:\/\/tierraylibertad.org\/index.php\/wp-json\/wp\/v2\/categories?post=2648"},{"taxonomy":"post_tag","embeddable":true,"href":"https:\/\/tierraylibertad.org\/index.php\/wp-json\/wp\/v2\/tags?post=2648"}],"curies":[{"name":"wp","href":"https:\/\/api.w.org\/{rel}","templated":true}]}}