{"id":2525,"date":"2015-01-10T17:03:04","date_gmt":"2015-01-10T16:03:04","guid":{"rendered":"http:\/\/tierraylibertad.org.w01d42ae.kasserver.com\/?p=2525"},"modified":"2015-01-10T17:05:30","modified_gmt":"2015-01-10T16:05:30","slug":"mi-experiencia-porque-no-solo-quiero-considero-mi-deber-escribirle-a-oventic","status":"publish","type":"post","link":"https:\/\/tierraylibertad.org\/index.php\/2015\/01\/mi-experiencia-porque-no-solo-quiero-considero-mi-deber-escribirle-a-oventic\/","title":{"rendered":"MI experiencia en el \u00ab1er. Festival Mundial de Resistencias y Rebeldias\u00bb porque no s\u00f3lo quiero, considero mi deber escribirle a Oventic"},"content":{"rendered":"<figure id=\"attachment_1304\" aria-describedby=\"caption-attachment-1304\" style=\"width: 225px\" class=\"wp-caption alignright\"><a href=\"https:\/\/tierraylibertad.org\/wp-content\/uploads\/2010\/10\/DSC01521.jpg\"><img loading=\"lazy\" decoding=\"async\" class=\"size-medium wp-image-1304\" src=\"https:\/\/tierraylibertad.org\/wp-content\/uploads\/2010\/10\/DSC01521-225x300.jpg\" alt=\"Hombres de Maiz\" width=\"225\" height=\"300\" srcset=\"https:\/\/tierraylibertad.org\/wp-content\/uploads\/2010\/10\/DSC01521-225x300.jpg 225w, https:\/\/tierraylibertad.org\/wp-content\/uploads\/2010\/10\/DSC01521-768x1024.jpg 768w, https:\/\/tierraylibertad.org\/wp-content\/uploads\/2010\/10\/DSC01521.jpg 1536w\" sizes=\"auto, (max-width: 225px) 100vw, 225px\" \/><\/a><figcaption id=\"caption-attachment-1304\" class=\"wp-caption-text\">Oventic, Hombres de Maiz<\/figcaption><\/figure>\n<p><strong><em>Por: Argelia Guerrero<\/em><\/strong><\/p>\n<p><span id=\"fbPhotoSnowliftCaption\" class=\"fbPhotosPhotoCaption\" tabindex=\"0\" data-ft=\"{&quot;tn&quot;:&quot;K&quot;}\"><span class=\"hasCaption\">Le\u00ed el desafortunado texto que el tal Hirsch escribi\u00f3 sobre su \u00abexperiencia\u00bb en Oventic. Digo desafortunado porque evidencia principalmente la poca atenci\u00f3n con la que lee textos y comunicados, pues muchas de sus inquietudes no habr\u00edan sido tales de haber prestado la atenci\u00f3n debida a los comunicados referentes al Festival de las resistencias y rebeld\u00edas.<\/span><\/span><\/p>\n<p><span id=\"fbPhotoSnowliftCaption\" class=\"fbPhotosPhotoCaption\" tabindex=\"0\" data-ft=\"{&quot;tn&quot;:&quot;K&quot;}\"><span class=\"hasCaption\">Las aclaraciones y precisiones que a prop\u00f3<span class=\"text_exposed_show\">sito de ese art\u00edculo hizo Sergio Rodr\u00edguez Lascano me habr\u00edan parecido innecesarias, sobre todo para los que tuvimos la fortuna de vivir la experiencia personalmente; sin embargo, despu\u00e9s de la lectura (la m\u00eda s\u00ed atenta y cuidadosa) del berrinche escrito, entend\u00ed la pertinencia de dichas aclaraciones que a prop\u00f3sito se hicieron. Aclaraciones que evidenciaron las lecturas descuidadas y al aventon y que de no ser as\u00ed,habr\u00edan encontrado casi todas las respuestas a sus inquietudes en los propios comunicados previos al festival. <\/span><\/span><\/span><\/p>\n<p><span id=\"fbPhotoSnowliftCaption\" class=\"fbPhotosPhotoCaption\" tabindex=\"0\" data-ft=\"{&quot;tn&quot;:&quot;K&quot;}\"><span class=\"hasCaption\"><span class=\"text_exposed_show\">A pesar de las aclaraciones, no quiero dejar de describir MI experiencia, porque no s\u00f3lo quiero y considero mi deber escribirle a Oventic; sino que quiero y debo escribir a todos y todas aquellos y aquellas que en aquellas tierras nos han recibido en m\u00e1s de una ocasi\u00f3n con la mirada y el o\u00eddo abiertos:<\/span><\/span><\/span><\/p>\n<p><span id=\"fbPhotoSnowliftCaption\" class=\"fbPhotosPhotoCaption\" tabindex=\"0\" data-ft=\"{&quot;tn&quot;:&quot;K&quot;}\"><span class=\"hasCaption\"><span class=\"text_exposed_show\">Desde la llegada al caracol II se encontraban los compas organizando el tr\u00e1nsito y cuidando que nuestro paso a mitad de carretera no nos provocara ning\u00fan accidente. Bullicio y mucha gente fue lo primero que vi al llegar. Todos quer\u00edamos entrar, algunos de nosotros ya conocemos el protocolo y aprovechamos el tiempo para reencontrarnos o conocernos. Por el contrario, a muchos otros lo que nos importa es la premura por entrar vali\u00e9ndonos madres la seguridad de los compa\u00f1eros que dicho sea de paso, son un ej\u00e9rcito en resistencia, y que no hace pocos meses recibieron una de las agresiones m\u00e1s violentas, pero no por ello la \u00fanica contra su proceso de autonom\u00eda; claro los inconscientes son ellos por hacernos esperar y no nosotros por querer entrar antes que nadie y sin esperar&#8230;<\/span><\/span><\/span><\/p>\n<p><span id=\"fbPhotoSnowliftCaption\" class=\"fbPhotosPhotoCaption\" tabindex=\"0\" data-ft=\"{&quot;tn&quot;:&quot;K&quot;}\"><span class=\"hasCaption\"><span class=\"text_exposed_show\">Fui en compa\u00f1\u00eda de mi padre quien estaba tan emocionado que saludaba a cuanto zapatista se le cruzaba enfrente, SIEMPRE OBTUVO RESPUESTA. \u00abBuenas tardes, compa\u00f1eros\u00bb fueron las primeras palabras que escuch\u00e9 al entrar al caracol, y despu\u00e9s mir\u00e9 a mi alrededor a varios de ellos ofreciendo ayuda para cargar bolsas, mochilas, maletas, casas de campa\u00f1a o bolsas de dormir.<\/span><\/span><\/span><\/p>\n<p><span id=\"fbPhotoSnowliftCaption\" class=\"fbPhotosPhotoCaption\" tabindex=\"0\" data-ft=\"{&quot;tn&quot;:&quot;K&quot;}\"><span class=\"hasCaption\"><span class=\"text_exposed_show\">Yo casi de inmediato fui adoptada por un ni\u00f1o zapatista de 8 a\u00f1os que fue mi compa\u00f1\u00eda desde entonces y hasta el final de mi estancia ah\u00ed; sin m\u00e1s inter\u00e9s que el de acompa\u00f1arnos. Conoc\u00ed a sus padres, algunos hermanos, me platic\u00f3 de su comunidad, lo que le gusta, lo que no, lo que come y lo que no le gusta comer. <\/span><\/span><\/span><\/p>\n<p><span id=\"fbPhotoSnowliftCaption\" class=\"fbPhotosPhotoCaption\" tabindex=\"0\" data-ft=\"{&quot;tn&quot;:&quot;K&quot;}\"><span class=\"hasCaption\"><span class=\"text_exposed_show\">Asistimos a una pi\u00f1ata organizada por algunos compa\u00f1eros asistentes, me comparti\u00f3 algunos dulces de su bot\u00edn. Sobra hablar de la comparaci\u00f3n de precios entre la ciudad monstruo donde habito y los puestecillos que estaban por all\u00e1, pero hay a quienes les pareci\u00f3 relevante destacar el tema de la comida y sus precios; en fin&#8230;<\/span><\/span><\/span><\/p>\n<p><span id=\"fbPhotoSnowliftCaption\" class=\"fbPhotosPhotoCaption\" tabindex=\"0\" data-ft=\"{&quot;tn&quot;:&quot;K&quot;}\"><span class=\"hasCaption\"><span class=\"text_exposed_show\">Durante el baile compartimos risas y pasos; y sobre todo el ritmo, que como sabemos es dictado por el coraz\u00f3n; as\u00ed que no me acuso cursi si digo que nos conocimos y compartimos a trav\u00e9s del mero coraz\u00f3n. Vi las innumerables rondas alrededor de la pista que se hicieron entre compas de fuera y zapatistas. Bailamos con m\u00e1s de uno y una de ellos y ellas. <\/span><\/span><\/span><\/p>\n<p><span id=\"fbPhotoSnowliftCaption\" class=\"fbPhotosPhotoCaption\" tabindex=\"0\" data-ft=\"{&quot;tn&quot;:&quot;K&quot;}\"><span class=\"hasCaption\"><span class=\"text_exposed_show\">En alg\u00fan momento d\u00ed un paseo y un compa se me acerc\u00f3, me pregunt\u00f3 de d\u00f3nde ven\u00eda, si hab\u00eda asistido a todo el festival, c\u00f3mo era mi lucha, de qu\u00e9 trabajaba y finalmente qu\u00e9 pensaba de la lucha zapatista; entr\u00e9 en conflicto: \u00abvine a escuchar\u00bb me dije; pero pues ya que me preguntan pues que me suelto a pl\u00e1tica y pl\u00e1tica con el compa\u00f1ero: su o\u00eddo atento y muchas preguntas fue lo que encontr\u00e9; jam\u00e1s ausencia o desinter\u00e9s. En pocos lugares como en Oventic me siento en casa. Despu\u00e9s de la ceremonia, que como bien aclara Sergio, NO dur\u00f3 horas y en el que los \u00fanicos que nos sentamos fuimos los de la sociedad civil que ah\u00ed est\u00e1bamos (porque no not\u00e9 en el art\u00edculo ni tantita preocupaci\u00f3n por los de bases de apoyo que ah\u00ed estaban y que tambi\u00e9n estuvieron de pie como de por s\u00ed hacen); gritamos, nos abrazamos y festejamos; despu\u00e9s del abrazo a mi pap\u00e1 recib\u00ed el de un compa que toc\u00f3 mi hombro, me dio un abrazo y me dijo \u00abfelicidades, compa\u00f1era\u00bb; fue el primero de muchos y muchas. Todo vi y sent\u00ed, menos miradas ausentes o vac\u00edas. <\/span><\/span><\/span><\/p>\n<p><span id=\"fbPhotoSnowliftCaption\" class=\"fbPhotosPhotoCaption\" tabindex=\"0\" data-ft=\"{&quot;tn&quot;:&quot;K&quot;}\"><span class=\"hasCaption\"><span class=\"text_exposed_show\">Confieso que no resist\u00ed toda la noche de baile y me fui a dormir en la madrugada. Rumbo a mi casa de campa\u00f1a una mujer zapatista alumbr\u00f3 mis pasos: \u00abDescansa, compa\u00f1era\u00bb escuch\u00e9 antes de entrar a dormir.<br \/>\nPor la ma\u00f1ana sal\u00ed a lavar mis dientes y unas jovencitas que lavaban sus pies se hicieron a un lado para que yo pudiera hacer uso de la llave con toda libertad, \u00abmuchas gracias\u00bb les dije, la repuesta fue su sonrisa callada, se requiere una insensibilidad absoluta o una mente MUY cerrada para pensar que su silencio fue falta de respuesta. Ahora veo que no todos tenemos la capacidad de leer miradas, me siento afortunada de saber hacerlo. Durante el juego de basquetbol comentaba emocionada las jugadas y siempre encontr\u00e9 interlocutores e interlocutoras (menos escandalosos\/as que yo, eso era evidente). Mi padre se cay\u00f3 en medio del lodo y de inmediato fue auxiliado por m\u00e1s de un zapatista, \u00ab\u00bfest\u00e1s bien, compa\u00f1ero?\u00bb. Mi padre se levant\u00f3 y dijo estar bien, despu\u00e9s de eso \u00e9l y los compas re\u00edan con complicidad, mi padre les dec\u00eda \u00abme tiraron\u00bb, ellos re\u00edan. Mucha mala leche o muy malas relaciones interpersonales se deben tener para considerar eso como burla o escarnio.<br \/>\n<\/span><\/span><\/span><\/p>\n<p><span id=\"fbPhotoSnowliftCaption\" class=\"fbPhotosPhotoCaption\" tabindex=\"0\" data-ft=\"{&quot;tn&quot;:&quot;K&quot;}\"><span class=\"hasCaption\"><span class=\"text_exposed_show\">La lluvia no cesaba, de pronto una chica muy atareada en acarrear mochilas, bolsas y m\u00e1s, me encarg\u00f3 a su beb\u00e9 en carreola en medio del caracol en plena lluvia, yo me sent\u00ed halagada por la confianza; de inmediato y de nuevo, m\u00e1s de un compa se acerc\u00f3 a m\u00ed para decirme \u00abtr\u00e1elo pa\u00b4c\u00e1\u00bb, cargaron la carreola y nos llevaron al resguardo de la lluvia.<br \/>\n<\/span><\/span><\/span><\/p>\n<p><span id=\"fbPhotoSnowliftCaption\" class=\"fbPhotosPhotoCaption\" tabindex=\"0\" data-ft=\"{&quot;tn&quot;:&quot;K&quot;}\"><span class=\"hasCaption\"><span class=\"text_exposed_show\">No muy bien entiendo cuando el autor dice que s\u00f3lo en Oventic se sinti\u00f3 un n\u00famero. A m\u00ed me pas\u00f3 lo contrario: no s\u00f3lo ah\u00ed; sino hace ya algunos meses, al asistir a la escuelita; en medio del bullicio y la neurosis que ocasiona recibir a tanta gente en caracol Morelia, la compa\u00f1era que me hizo el registro me pregunt\u00f3 a qu\u00e9 me dedico y al responder que bailarina la siguiente pregunta fue \u00ab\u00bfy qu\u00e9 hace una bailarina?\u00bb Exactamente la misma pregunta respond\u00ed en mi registro de entrada a Oventic. En ambas ocasiones, las compa\u00f1eras me escucharon a pesar de la evidente prisa. Nada m\u00e1s alejado de sentirme un n\u00famero.<br \/>\n<\/span><\/span><\/span><\/p>\n<p><span id=\"fbPhotoSnowliftCaption\" class=\"fbPhotosPhotoCaption\" tabindex=\"0\" data-ft=\"{&quot;tn&quot;:&quot;K&quot;}\"><span class=\"hasCaption\"><span class=\"text_exposed_show\">Podr\u00eda seguir enumerando, como sugiere Sergio, las an\u00e9cdotas que solamente en este viaje tuve en Oventic; podr\u00eda describir cada mirada que recib\u00ed all\u00e1.<br \/>\n<\/span><\/span><\/span><\/p>\n<p><span id=\"fbPhotoSnowliftCaption\" class=\"fbPhotosPhotoCaption\" tabindex=\"0\" data-ft=\"{&quot;tn&quot;:&quot;K&quot;}\"><span class=\"hasCaption\"><span class=\"text_exposed_show\">Leamos, leamos con atenci\u00f3n antes de emitir juicios f\u00e1ciles e irresponsables; puesto que lo que sucede en los universos mentales no siempre concuerda con la realidad.<br \/>\n<\/span><\/span><\/span><\/p>\n<p><span id=\"fbPhotoSnowliftCaption\" class=\"fbPhotosPhotoCaption\" tabindex=\"0\" data-ft=\"{&quot;tn&quot;:&quot;K&quot;}\"><span class=\"hasCaption\"><span class=\"text_exposed_show\">Seamos honestos y reconozcamos que nuestra incomodidad con la diferencia es nuestro conflicto; pero eso no nos permite de ning\u00fan modo juzgar desde nuestra propia limitaci\u00f3n perceptiva.<br \/>\n<\/span><\/span><\/span><\/p>\n<p><span id=\"fbPhotoSnowliftCaption\" class=\"fbPhotosPhotoCaption\" tabindex=\"0\" data-ft=\"{&quot;tn&quot;:&quot;K&quot;}\"><span class=\"hasCaption\"><span class=\"text_exposed_show\">Yo aqu\u00ed vierto mi experiencia, en ella se hallan muchas, aunque no todas las razones por las que contin\u00fao caminando y sumando mis pasos a los de la gente digna del EZLN.<br \/>\n<\/span><\/span><\/span><\/p>\n<p><span id=\"fbPhotoSnowliftCaption\" class=\"fbPhotosPhotoCaption\" tabindex=\"0\" data-ft=\"{&quot;tn&quot;:&quot;K&quot;}\"><span class=\"hasCaption\"><span class=\"text_exposed_show\">No s\u00f3lo consider\u00e9 mi gusto, sino mi DEBER escribir esto para agradecer infinitamente a los compas del caracol II.Y no s\u00f3lo a ellos y ellas, sino a los compa\u00f1eros y compa\u00f1eras de los 5 caracoles y del CNI que hicieron el enorme esfuerzo de levantar todo lo necesario para nuestra estancia y guardar el posterior silencio que ahora veo, incomoda a algunos. Conf\u00edo, compas, que en su discreta pero atenta presencia, hayan visto y sentido que hay m\u00e1s de un coraz\u00f3n que verdaderamente late con ustedes sin emitir juicios desinformados.<br \/>\n<\/span><\/span><\/span><\/p>\n<p><span id=\"fbPhotoSnowliftCaption\" class=\"fbPhotosPhotoCaption\" tabindex=\"0\" data-ft=\"{&quot;tn&quot;:&quot;K&quot;}\"><span class=\"hasCaption\"><span class=\"text_exposed_show\">GRACIAS XOCHICUAUTLA<br \/>\nGRACIAS AMILCINGO<br \/>\nGRACIAS MONCLOVA<br \/>\nGRACIAS OVENTIC<br \/>\nGRACIAS CNI<br \/>\nGRACIAS AYOTZINAPA<br \/>\nGRACIAS EZLN<br \/>\n<\/span><\/span><\/span><\/p>\n<p><span id=\"fbPhotoSnowliftCaption\" class=\"fbPhotosPhotoCaption\" tabindex=\"0\" data-ft=\"{&quot;tn&quot;:&quot;K&quot;}\"><span class=\"hasCaption\"><span class=\"text_exposed_show\">Millones de gracias por su paciencia, su o\u00eddo, su mirada, sus abrazos y el recibimiento c\u00e1lido para nosotros y nosotras que somos&#8230; pues muy otros y otras<br \/>\n<\/span><\/span><\/span><\/p>\n<p><span id=\"fbPhotoSnowliftCaption\" class=\"fbPhotosPhotoCaption\" tabindex=\"0\" data-ft=\"{&quot;tn&quot;:&quot;K&quot;}\"><span class=\"hasCaption\"><span class=\"text_exposed_show\">A.G<\/span><\/span><\/span><\/p>\n","protected":false},"excerpt":{"rendered":"<p>Por: Argelia Guerrero Le\u00ed el desafortunado texto que el tal Hirsch escribi\u00f3 sobre su \u00abexperiencia\u00bb en Oventic. Digo desafortunado porque evidencia principalmente la poca atenci\u00f3n con la que lee textos y comunicados, pues muchas de sus inquietudes no habr\u00edan sido tales de haber prestado la atenci\u00f3n debida a los comunicados referentes al Festival de las [&hellip;]<\/p>\n","protected":false},"author":2,"featured_media":0,"comment_status":"open","ping_status":"open","sticky":false,"template":"","format":"standard","meta":{"footnotes":""},"categories":[52],"tags":[50,22,35],"class_list":["post-2525","post","type-post","status-publish","format-standard","hentry","category-ke-es-la-libertad-a-segun-los-zapatistas","tag-escuelita-zapatista","tag-ezln","tag-otro-mundo"],"_links":{"self":[{"href":"https:\/\/tierraylibertad.org\/index.php\/wp-json\/wp\/v2\/posts\/2525","targetHints":{"allow":["GET"]}}],"collection":[{"href":"https:\/\/tierraylibertad.org\/index.php\/wp-json\/wp\/v2\/posts"}],"about":[{"href":"https:\/\/tierraylibertad.org\/index.php\/wp-json\/wp\/v2\/types\/post"}],"author":[{"embeddable":true,"href":"https:\/\/tierraylibertad.org\/index.php\/wp-json\/wp\/v2\/users\/2"}],"replies":[{"embeddable":true,"href":"https:\/\/tierraylibertad.org\/index.php\/wp-json\/wp\/v2\/comments?post=2525"}],"version-history":[{"count":0,"href":"https:\/\/tierraylibertad.org\/index.php\/wp-json\/wp\/v2\/posts\/2525\/revisions"}],"wp:attachment":[{"href":"https:\/\/tierraylibertad.org\/index.php\/wp-json\/wp\/v2\/media?parent=2525"}],"wp:term":[{"taxonomy":"category","embeddable":true,"href":"https:\/\/tierraylibertad.org\/index.php\/wp-json\/wp\/v2\/categories?post=2525"},{"taxonomy":"post_tag","embeddable":true,"href":"https:\/\/tierraylibertad.org\/index.php\/wp-json\/wp\/v2\/tags?post=2525"}],"curies":[{"name":"wp","href":"https:\/\/api.w.org\/{rel}","templated":true}]}}