{"id":2462,"date":"2014-08-13T14:41:53","date_gmt":"2014-08-13T13:41:53","guid":{"rendered":"http:\/\/tierraylibertad.org.w01d42ae.kasserver.com\/?p=2462"},"modified":"2014-08-13T14:41:53","modified_gmt":"2014-08-13T13:41:53","slug":"ezln-invita-al-festival-mundial-de-las-resistencias-y-las-rebeldias-contra-el-capitalismo-donde-los-de-arriba-destruyen-los-de-abajo-reconstruimos","status":"publish","type":"post","link":"https:\/\/tierraylibertad.org\/index.php\/2014\/08\/ezln-invita-al-festival-mundial-de-las-resistencias-y-las-rebeldias-contra-el-capitalismo-donde-los-de-arriba-destruyen-los-de-abajo-reconstruimos\/","title":{"rendered":"EZLN invita al Festival Mundial de Las Resistencias y las Rebeldias contra el Capitalismo \u201cDonde Los De Arriba destruyen Los de Abajo Reconstruimos\u201d"},"content":{"rendered":"<figure id=\"attachment_1152\" aria-describedby=\"caption-attachment-1152\" style=\"width: 290px\" class=\"wp-caption alignright\"><a href=\"https:\/\/tierraylibertad.org\/wp-content\/uploads\/2010\/05\/robertobarrios1.jpg\"><img loading=\"lazy\" decoding=\"async\" class=\"size-full wp-image-1152\" alt=\"Caracol Roberto Barrios\" src=\"https:\/\/tierraylibertad.org\/wp-content\/uploads\/2010\/05\/robertobarrios1.jpg\" width=\"290\" height=\"450\" srcset=\"https:\/\/tierraylibertad.org\/wp-content\/uploads\/2010\/05\/robertobarrios1.jpg 290w, https:\/\/tierraylibertad.org\/wp-content\/uploads\/2010\/05\/robertobarrios1-193x300.jpg 193w\" sizes=\"auto, (max-width: 290px) 100vw, 290px\" \/><\/a><figcaption id=\"caption-attachment-1152\" class=\"wp-caption-text\">Caracol Roberto Barrios<\/figcaption><\/figure>\n<p>EZLN invita al Festival Mundial de Las Resistencias y las Rebeldias contra el Capitalismo \u201cDonde Los De Arriba destruyen Los de Abajo Reconstruimos\u201d<br \/>\nPublicado por: POZOL COLECTIVO agosto 10, 2014 en Covergencia Medios Libres, La Sexta, Nacional Deja un comentario<\/p>\n<p>s\u00e1bado, 9 de agosto de 2014<br \/>\nInvitaci\u00f3n al Festival mundial de las resistencias y las rebeld\u00edas<br \/>\n\u201cVenimos para compartir nuestros sentimientos y dolores que nos han hecho este sistema neoliberal. Pero no solo. Tambi\u00e9n es seguro que venimos a compartir los valiosos conocimientos, experiencias de lucha, de organizaci\u00f3n. Retos y desaf\u00edos frente a los capitalistas invasores y neoliberales que tanto da\u00f1o nos han causado.\u201d<br \/>\n(EZLN, agosto de 2014)<\/p>\n<p>A l@s hermanas y hermanos de la Sexta nacional e internacional:<br \/>\nReunidos nuestros pueblos en la Compartici\u00f3n de Pueblos Zapatistas y el Congreso Nacional Ind\u00edgena \u201cDavid Ru\u00edz Garc\u00eda\u201d, nos platicamos nuestros dolores, nuestras palabras y experiencias de lucha, rebeld\u00eda y resistencia.<br \/>\nJuntos sabemos que en nuestras rebeld\u00edas est\u00e1n nuestros \u201cNO\u201d a las pol\u00edticas de destrucci\u00f3n que hace el capitalismo en todo el mundo. Y conocemos que en nuestras resistencias est\u00e1n las semillas del mundo que queremos.<br \/>\nEstas rebeld\u00edas y resistencias no son solo de los pueblos originarios de M\u00e9xico. Andan tambi\u00e9n en los pasos de los pueblos originarios de todo el continente y en todos los rincones del planeta donde individu@s, grupos, colectivos y organizaciones no solo dicen \u201cNO\u201d a la destrucci\u00f3n, sino que tambi\u00e9n van reconstruyendo algo nuevo.<br \/>\nEn esta compartici\u00f3n que sabemos ha sido posible en gran medida gracias al apoyo de hermanos y hermanas de la Sexta nacional e internacional, confirmamos que nuestra madre tierra, dadora de toda la vida en el planeta, est\u00e1 en peligro y con ello la humanidad entera; vemos que es el capitalismo neoliberal el que provoca tanto dolor, tanta destrucci\u00f3n y tanta muerte, que es el que nos despoja, explota, desprecia y reprime.<br \/>\nEn la defensa de la madre tierra, en la lucha por la humanidad y contra el neoliberalismo, no hay lucha peque\u00f1a.<br \/>\nHermanos y hermanas de la Sexta nacional e internacional, porque sabemos que este capitalismo salvaje y de muerte no es invencible, como ya nos lo ense\u00f1an, adem\u00e1s de la experiencia zapatista, las rebeld\u00edas y resistencias que florecen en todo el planeta, y que sus dolores son nuestros dolores, y que sus luchas son nuestras luchas, y que sus sue\u00f1os son nuestros sue\u00f1os, queremos compartirnos con ustedes las palabras, las experiencias, los caminos y la decisi\u00f3n conjunta de que es posible un mundo donde quepan muchos mundos. Vamos concretando los pasos para lograr ese sue\u00f1o, es necesario compartirnos, saber qu\u00e9 pensamos, escucharnos para saber c\u00f3mo son nuestras luchas, para conocer nuestras rebeld\u00edas y aprender de nuestras resistencias.<br \/>\nLos pueblos, tribus y naciones hemos acordado en esta asamblea realizar junto con ustedes el \u201cPrimer Festival Mundial de las Resistencias y las Rebeld\u00edas contra el Capitalismo\u201d con el lema de \u201cDONDE LOS DE ARRIBA DESTRUYEN LOS DE ABAJO RECONSTRUIMOS\u201d.<br \/>\nEsta gigantesca compartici\u00f3n mundial se llevar\u00e1 a cabo entre los d\u00edas 22 de diciembre del 2014 y 3 de enero de 2015 en las siguientes sedes:<\/p>\n<p>*Inauguraci\u00f3n en la comunidad \u00d1atho de San Francisco Xochicuautla, Lerma, Estado de M\u00e9xico, el d\u00eda domingo 21 de diciembre del<br \/>\n2014.<\/p>\n<p>*Comparticiones en las comunidades de San Francisco Xochicuautla y en Amilzingo, Morelos los d\u00edas 22 y 23 de diciembre del 2014.<\/p>\n<p>*Gran Festival Cultural en el Distrito Federal los d\u00edas 24, 25 y 26 de diciembre de 2014.<\/p>\n<p>*Continuaci\u00f3n de comparticiones en las comunidades Binniz\u00e1 de Juchit\u00e1n, Oaxaca, y en la pen\u00ednsula de Yucat\u00e1n, los d\u00edas 28 y 29 de diciembre del 2014.<\/p>\n<p>*Fiesta de la rebeld\u00eda y la resistencia anticapitalista en el Caracol de Oventic los d\u00edas 31 de diciembre del 2014 y primero de enero del 2015.<\/p>\n<p>*Conclusiones y clausura, pronunciamientos y declaraciones, en el CIDECI, San Crist\u00f3bal de las Casas, Chiapas, los d\u00edas 2 y 3 de enero del 2015.<\/p>\n<p>Nuestra compartici\u00f3n en este \u201cPrimer Festival Mundial de las Resistencias y las Rebeld\u00edas contra el Capitalismo\u201d ser\u00e1 entre los pueblos zapatistas, los pueblos, tribus, naciones y barrios del Congreso Nacional Ind\u00edgena, los pueblos originarios del continente, y pueblos, colectivos e individuos adherentes a la Sexta nacional e internacional en todo el mundo.<br \/>\nEn los p\u0155oximos d\u00edas les daremos a conocer m\u00e1s detalles de esta convocatoria.<br \/>\nNuestros pueblos que somos del ma\u00edz al compartir con ustedes seremos como la milpa que florece, para fortalecernos en nuestras resistencias y cuidar a nuestra madre tierra en este nuevo caminar que queremos compartir.<\/p>\n<p>Desde la Realidad Zapatista, Agosto del 2014<br \/>\nPor la reconstituci\u00f3n integral de nuestros pueblos<br \/>\nNunca m\u00e1s un M\u00e9xico sin nosotros<br \/>\nCONGRESO NACIONAL IND\u00cdGENA<br \/>\nEJ\u00c9RCITO ZAPATISTA DE LIBERACI\u00d3N NACIONAL.<br \/>\nM\u00e1s los individu@s, grupos, colectivos, organizaciones de la Sexta en todo el mundo que se sumen en esta convocatoria.<br \/>\nInformaci\u00f3n y Foto: Medios Libres, Aut\u00f3nomos y Comunitarios.<\/p>\n","protected":false},"excerpt":{"rendered":"<p>EZLN invita al Festival Mundial de Las Resistencias y las Rebeldias contra el Capitalismo \u201cDonde Los De Arriba destruyen Los de Abajo Reconstruimos\u201d Publicado por: POZOL COLECTIVO agosto 10, 2014 en Covergencia Medios Libres, La Sexta, Nacional Deja un comentario s\u00e1bado, 9 de agosto de 2014 Invitaci\u00f3n al Festival mundial de las resistencias y las [&hellip;]<\/p>\n","protected":false},"author":2,"featured_media":0,"comment_status":"open","ping_status":"open","sticky":false,"template":"","format":"standard","meta":{"footnotes":""},"categories":[8],"tags":[22],"class_list":["post-2462","post","type-post","status-publish","format-standard","hentry","category-eventos","tag-ezln"],"_links":{"self":[{"href":"https:\/\/tierraylibertad.org\/index.php\/wp-json\/wp\/v2\/posts\/2462","targetHints":{"allow":["GET"]}}],"collection":[{"href":"https:\/\/tierraylibertad.org\/index.php\/wp-json\/wp\/v2\/posts"}],"about":[{"href":"https:\/\/tierraylibertad.org\/index.php\/wp-json\/wp\/v2\/types\/post"}],"author":[{"embeddable":true,"href":"https:\/\/tierraylibertad.org\/index.php\/wp-json\/wp\/v2\/users\/2"}],"replies":[{"embeddable":true,"href":"https:\/\/tierraylibertad.org\/index.php\/wp-json\/wp\/v2\/comments?post=2462"}],"version-history":[{"count":0,"href":"https:\/\/tierraylibertad.org\/index.php\/wp-json\/wp\/v2\/posts\/2462\/revisions"}],"wp:attachment":[{"href":"https:\/\/tierraylibertad.org\/index.php\/wp-json\/wp\/v2\/media?parent=2462"}],"wp:term":[{"taxonomy":"category","embeddable":true,"href":"https:\/\/tierraylibertad.org\/index.php\/wp-json\/wp\/v2\/categories?post=2462"},{"taxonomy":"post_tag","embeddable":true,"href":"https:\/\/tierraylibertad.org\/index.php\/wp-json\/wp\/v2\/tags?post=2462"}],"curies":[{"name":"wp","href":"https:\/\/api.w.org\/{rel}","templated":true}]}}