{"id":2424,"date":"2014-05-25T09:11:02","date_gmt":"2014-05-25T08:11:02","guid":{"rendered":"http:\/\/tierraylibertad.org.w01d42ae.kasserver.com\/?p=2424"},"modified":"2014-05-25T09:15:29","modified_gmt":"2014-05-25T08:15:29","slug":"homenaje-a-galeano-la-realidad-chiapas-24-de-mayo-2014","status":"publish","type":"post","link":"https:\/\/tierraylibertad.org\/index.php\/2014\/05\/homenaje-a-galeano-la-realidad-chiapas-24-de-mayo-2014\/","title":{"rendered":"Homenaje a Galeano, La Realidad, Chiapas, 24 de mayo 2014"},"content":{"rendered":"<figure id=\"attachment_921\" aria-describedby=\"caption-attachment-921\" style=\"width: 240px\" class=\"wp-caption alignright\"><a href=\"https:\/\/tierraylibertad.org\/wp-content\/uploads\/2009\/09\/450px-Flag_of_the_EZLN.svg_.png\"><img loading=\"lazy\" decoding=\"async\" class=\" wp-image-921 \" alt=\"EZLN\" src=\"https:\/\/tierraylibertad.org\/wp-content\/uploads\/2009\/09\/450px-Flag_of_the_EZLN.svg_-300x200.png\" width=\"240\" height=\"160\" srcset=\"https:\/\/tierraylibertad.org\/wp-content\/uploads\/2009\/09\/450px-Flag_of_the_EZLN.svg_-300x200.png 300w, https:\/\/tierraylibertad.org\/wp-content\/uploads\/2009\/09\/450px-Flag_of_the_EZLN.svg_.png 450w\" sizes=\"auto, (max-width: 240px) 100vw, 240px\" \/><\/a><figcaption id=\"caption-attachment-921\" class=\"wp-caption-text\">EZLN<\/figcaption><\/figure>\n<p>Hacemos espejo de la informaci\u00f3n publicada en <a href=\"http:\/\/www.pozol.org\/?author=3\" target=\"_blank\">POZOL COLECTIVO<\/a> mayo 24, 2014 en Chiapas,<\/p>\n<p>La linga de este informaci\u00f3n es <a href=\"http:\/\/www.pozol.org\/?p=9451\" target=\"_blank\">http:\/\/www.pozol.org\/?p=9451:<\/a><\/p>\n<p><strong>\u201cSe sabe quienes son los que garrotearon y asesinaron al compa\u00f1ero<br \/>\nGaleano\u201d, asegur\u00f3 el Ej\u00e9rcito Zapatista de Liberaci\u00f3n Nacional, EZLN, en<br \/>\nel homenaje al miliciano asesinado el pasado 2 de mayo. En la primera<br \/>\nparte del homenaje se escuch\u00f3 la canci\u00f3n \u201cComo la cigarra\u201d de Mercedes Sosa y<br \/>\n\u201cLationoam\u00e9rica\u201d de Calle 13; all\u00ed estuvo presente el Subcomandante<br \/>\nInsurgente Marcos y otros mandos militares, quienes marcharon y saludaron<br \/>\na las bases de apoyo montados a caballo. Posteriormente el Subcomandante<br \/>\nMois\u00e9s asegur\u00f3:<\/strong><\/p>\n<p style=\"text-align: center;\"><em><strong> \u201cnosotros no somos como ellos los paramilitares que asesinan\u201d.<\/strong><\/em><\/p>\n<p style=\"text-align: left;\"><strong>En un comunicado el Subcomandante indic\u00f3: <\/strong><\/p>\n<p style=\"text-align: center;\"><strong>\u201cPensamos que tambi\u00e9n ustedes traen la rabia por el asesinato del compa\u00f1ero pero la<br \/>\nrabia hay que usarla contra el sistema, no contra los manipulados\u201d.<\/strong><\/p>\n<p>&nbsp;<\/p>\n<p>Escuchen los audios durante el homenaje:<\/p>\n<p><a href=\"https:\/\/soundcloud.com\/promedios-de-comunicaci-n-comunitaria\/subcomandante-moises-y-sub-comandante-marcos-la-realidad-24-de-mayo-2014\">Subcomandante Mois\u00e9s-La Realidad 24 de mayo 2014<\/a><\/p>\n<p><a href=\"https:\/\/soundcloud.com\/promedios-de-comunicaci-n-comunitaria\/subcomandante-insurgente-moises-24-de-mayo-2014-homenaje-a-galeano\" target=\"_blank\">Subcomandante Mois\u00e9s- Homenaje a Galeano 24 de mayo 2014 la Realida<\/a><\/p>\n<p>&nbsp;<\/p>\n<p>&nbsp;<\/p>\n<p>&nbsp;<\/p>\n<p>&nbsp;<\/p>\n","protected":false},"excerpt":{"rendered":"<p>Hacemos espejo de la informaci\u00f3n publicada en POZOL COLECTIVO mayo 24, 2014 en Chiapas, La linga de este informaci\u00f3n es http:\/\/www.pozol.org\/?p=9451: \u201cSe sabe quienes son los que garrotearon y asesinaron al compa\u00f1ero Galeano\u201d, asegur\u00f3 el Ej\u00e9rcito Zapatista de Liberaci\u00f3n Nacional, EZLN, en el homenaje al miliciano asesinado el pasado 2 de mayo. En la primera [&hellip;]<\/p>\n","protected":false},"author":2,"featured_media":0,"comment_status":"open","ping_status":"open","sticky":false,"template":"","format":"standard","meta":{"footnotes":""},"categories":[6,52],"tags":[22],"class_list":["post-2424","post","type-post","status-publish","format-standard","hentry","category-denuncias-e-informacion","category-ke-es-la-libertad-a-segun-los-zapatistas","tag-ezln"],"_links":{"self":[{"href":"https:\/\/tierraylibertad.org\/index.php\/wp-json\/wp\/v2\/posts\/2424","targetHints":{"allow":["GET"]}}],"collection":[{"href":"https:\/\/tierraylibertad.org\/index.php\/wp-json\/wp\/v2\/posts"}],"about":[{"href":"https:\/\/tierraylibertad.org\/index.php\/wp-json\/wp\/v2\/types\/post"}],"author":[{"embeddable":true,"href":"https:\/\/tierraylibertad.org\/index.php\/wp-json\/wp\/v2\/users\/2"}],"replies":[{"embeddable":true,"href":"https:\/\/tierraylibertad.org\/index.php\/wp-json\/wp\/v2\/comments?post=2424"}],"version-history":[{"count":0,"href":"https:\/\/tierraylibertad.org\/index.php\/wp-json\/wp\/v2\/posts\/2424\/revisions"}],"wp:attachment":[{"href":"https:\/\/tierraylibertad.org\/index.php\/wp-json\/wp\/v2\/media?parent=2424"}],"wp:term":[{"taxonomy":"category","embeddable":true,"href":"https:\/\/tierraylibertad.org\/index.php\/wp-json\/wp\/v2\/categories?post=2424"},{"taxonomy":"post_tag","embeddable":true,"href":"https:\/\/tierraylibertad.org\/index.php\/wp-json\/wp\/v2\/tags?post=2424"}],"curies":[{"name":"wp","href":"https:\/\/api.w.org\/{rel}","templated":true}]}}