{"id":2336,"date":"2014-01-04T12:48:32","date_gmt":"2014-01-04T11:48:32","guid":{"rendered":"http:\/\/tierraylibertad.org.w01d42ae.kasserver.com\/?p=2336"},"modified":"2014-01-04T12:51:55","modified_gmt":"2014-01-04T11:51:55","slug":"feliz-cumpleanos-companeros-zapatistas-desde-dusseldorf","status":"publish","type":"post","link":"https:\/\/tierraylibertad.org\/index.php\/2014\/01\/feliz-cumpleanos-companeros-zapatistas-desde-dusseldorf\/","title":{"rendered":"Feliz Cumplea\u00f1os Compa\u00f1eros Zapatistas desde D\u00fcsseldorf"},"content":{"rendered":"<div align=\"right\">\n<figure id=\"attachment_2331\" aria-describedby=\"caption-attachment-2331\" style=\"width: 640px\" class=\"wp-caption aligncenter\"><a href=\"https:\/\/tierraylibertad.org\/wp-content\/uploads\/2014\/01\/Feliz_Cumple_Compas_l.jpg\"><img loading=\"lazy\" decoding=\"async\" class=\"size-large wp-image-2331\" alt=\"Feliz Cumplea\u00f1os Compa\u00f1eros Zapatistas\" src=\"https:\/\/tierraylibertad.org\/wp-content\/uploads\/2014\/01\/Feliz_Cumple_Compas_l-1024x682.jpg\" width=\"640\" height=\"426\" srcset=\"https:\/\/tierraylibertad.org\/wp-content\/uploads\/2014\/01\/Feliz_Cumple_Compas_l-1024x682.jpg 1024w, https:\/\/tierraylibertad.org\/wp-content\/uploads\/2014\/01\/Feliz_Cumple_Compas_l-300x200.jpg 300w, https:\/\/tierraylibertad.org\/wp-content\/uploads\/2014\/01\/Feliz_Cumple_Compas_l-150x100.jpg 150w, https:\/\/tierraylibertad.org\/wp-content\/uploads\/2014\/01\/Feliz_Cumple_Compas_l-400x266.jpg 400w\" sizes=\"auto, (max-width: 640px) 100vw, 640px\" \/><\/a><figcaption id=\"caption-attachment-2331\" class=\"wp-caption-text\">Feliz Cumplea\u00f1os Compa\u00f1eros Zapatistas<\/figcaption><\/figure>\n<p style=\"text-align: left;\">Compa\u00f1eros desde D\u00fcsseldorf saludan y festejan los 20 a\u00f1os del alzamiento Zapatista el primero de enero de 2014:\u00a0<a href=\"http:\/\/alertaduesseldorf.blogsport.de\/2014\/01\/01\/zapatista-glueckwunsch\/\">http:\/\/alertaduesseldorf.blogsport.de\/2014\/01\/01\/zapatista-glueckwunsch\/ <\/a><\/p>\n<p>D\u00fcsseldorf, 1 de enero de 2014<\/p>\n<\/div>\n<p>Compa\u00f1eros y compa\u00f1eras zapatistas:<\/p>\n<p><span lang=\"es-ES\">\u00a1Muchas felicidades por el vig\u00e9simo aniversario de su levantamiento en 1994<\/span><span lang=\"en-US\">!<\/span><span lang=\"es-ES\"> Les deseamos una gran celebraci\u00f3n y muchos <span class=\"il\">a<\/span>\u00f1os m\u00e1s de rebeli\u00f3n y de este otro mundo mejor, que est\u00e1n construyendo para ustedes. <\/span><\/p>\n<p><span lang=\"en-US\">Somos<\/span><span lang=\"es-ES\"> un conjunto de <\/span><span lang=\"en-US\">grupos y colectivos<\/span><span lang=\"en-US\">de<\/span><span lang=\"en-US\">D\u00fcsseldorf,<\/span><span lang=\"en-US\">una ciudad<\/span><span lang=\"en-US\">en Alemania<\/span><span lang=\"es-ES\">, Europa. <\/span><span lang=\"en-US\">Estamos comprometidos en diferentes<\/span><span lang=\"en-US\">temas, diferentes<\/span><span lang=\"en-US\">luchas y utilizamos diferentes<\/span><span lang=\"en-US\">medios. Pero todos y todas hacemos \u00e9sto desde abajo y <span class=\"il\">a<\/span> la izquierda. Juntos gestionamos un centro social aut\u00f3nomo \u2013 al cual llamamos <i>Linkes Zentrum \u201cHinterhof\u201d<\/i> \u2013,<\/span><span lang=\"en-US\">en donde nos reunimos e intercambiamos ideas, donde preparamos nuestras acciones, donde realizamos eventos, celebramos y sobretodo en donde intentamos \u2013 <span class=\"il\">a<\/span>\u00fan incipiente \u2013 poner en pr\u00e1ctica un mundo diferente sin capitalismo, sin explotaci\u00f3n, sin discriminaci\u00f3n y con solidaridad e igualdad. <a href=\"https:\/\/realescort.ch\/geneve\/\">realescort.ch<\/a><\/span><\/p>\n<p><span lang=\"en-US\">Aqu\u00ed en nuestras diferentes luchas y actividades, su lucha ha sido siempre un ejemplo. Sus \u00e9xitos nos han animado, sus ideas nos han inspirado <\/span><span lang=\"en-US\">\u00a1<\/span><span lang=\"en-US\">Por ello les damos las gracias!<\/span><\/p>\n<p>Debido <span class=\"il\">a<\/span> que nos alegramos con ustedes, en esta v\u00edspera de <span class=\"il\">A<\/span>\u00f1o Nuevo, hemos tenido no s\u00f3lo \u2013 como cada <span class=\"il\">a<\/span>\u00f1o \u2013 la celebraci\u00f3n y la bienvenida al nuevo <span class=\"il\">a<\/span>\u00f1o, sino tambi\u00e9n festejamos la rebeli\u00f3n zapatista que ya desde hace 20 <span class=\"il\">a<\/span>\u00f1os exitosamente camina preguntando. En esta fiesta hicimos para ustedes como un peque\u00f1o saludo, una foto que les enviamos anexo <span class=\"il\">a<\/span> la presente carta.<\/p>\n<p><span lang=\"en-US\">\u00a1Saludos cari<\/span><span lang=\"es-ES\">\u00f1osos <\/span><span lang=\"en-US\">y solidarios de sus c<\/span><span lang=\"es-ES\">ompa\u00f1eras y compa\u00f1eros de D\u00fcsseldorf, un rinc\u00f3n muy otro de este mundo!<\/span><\/p>\n<p><i>\u00a1<span class=\"il\">Alerta<\/span>! &#8211; Lateinamerika Gruppe D\u00fcsseldorf<\/i><i><br \/>\n<\/i><i>Antifaschistische Linke D\u00fcsseldorf<\/i><i><br \/>\n<\/i><i>Becoming Queer<\/i><i><br \/>\n<\/i><i>Brigada Hora Azul<\/i><i><br \/>\n<\/i><i>Brunch Gruppe<\/i><i><br \/>\n<\/i><i>Cable Street Beat<\/i><i><br \/>\n<\/i><i>Caf\u00e9 Bunte Bilder<\/i><i><br \/>\n<\/i><i>Dissidenti Ultra<\/i><i><br \/>\n<\/i><i>Don&#8217;t Panic \u2013 Computerkneipe<\/i><i><br \/>\n<\/i><i>Erwin Youth<\/i><i><br \/>\n<\/i><i>Fahrradselbsthilfe<\/i><i><br \/>\n<\/i><i>Grrrls Uprising<\/i><i><br \/>\n<\/i><i>Gruppe F<\/i><i><br \/>\n<\/i><i>Gruppe Hilarius<\/i><i><br \/>\n<\/i><i>i furiosi &#8211; Interventionistische Linke<\/i><i><br \/>\n<\/i><i>Infocaf\u00e9<\/i><i><br \/>\n<\/i><i>Input &#8211; antifaschistischer Themenabend<\/i><i><br \/>\n<\/i><i>Kneipenabend<\/i><i><br \/>\n<\/i><i>Kopfball!<\/i><i><br \/>\n<\/i><i>Rechtshilfegruppe<\/i><i><br \/>\n<\/i><i>Rote Hilfe D\u00fcsseldorf-Neuss<\/i><i><br \/>\n<\/i><i>see red! &#8211; Interventionistische Linke D\u00fcsseldorf<\/i><\/p>\n<p>Y cuando necesiten apoyo: \u00a1Aqu\u00ed estamos!<br \/>\n<a href=\"https:\/\/tierraylibertad.org\/wp-content\/uploads\/2014\/01\/Logo-neu.jpg\"><img loading=\"lazy\" decoding=\"async\" class=\"aligncenter size-medium wp-image-2333\" alt=\"Logo neu\" src=\"https:\/\/tierraylibertad.org\/wp-content\/uploads\/2014\/01\/Logo-neu-300x280.jpg\" width=\"300\" height=\"280\" srcset=\"https:\/\/tierraylibertad.org\/wp-content\/uploads\/2014\/01\/Logo-neu-300x280.jpg 300w, https:\/\/tierraylibertad.org\/wp-content\/uploads\/2014\/01\/Logo-neu-1024x955.jpg 1024w, https:\/\/tierraylibertad.org\/wp-content\/uploads\/2014\/01\/Logo-neu-150x140.jpg 150w, https:\/\/tierraylibertad.org\/wp-content\/uploads\/2014\/01\/Logo-neu-400x373.jpg 400w\" sizes=\"auto, (max-width: 300px) 100vw, 300px\" \/><\/a><\/p>\n<pre><\/pre>\n<p>die Grup\u00adpen und Be\u00adsu\u00adcher_in\u00adnen des <em><a href=\"http:\/\/beta.linkes-zentrum.de\">Lin\u00adken Zen\u00adtrums \u201cHin\u00adter\u00adhof\u201d<\/a><\/em> in D\u00fcs\u00adsel\u00addorf, haben den Za\u00adpa\u00adtis\u00adtas in Ch\u00adia\u00adpas an\u00adl\u00e4ss\u00adlich des 20. Jah\u00adres\u00adta\u00adges ihres er\u00adfolg\u00adrei\u00adchen Auf\u00adstan\u00addes am 1. Ja\u00adnu\u00adar 1994 mit einer klei\u00adnen Ak\u00adti\u00adon gra\u00adtu\u00adliert.<\/p>\n","protected":false},"excerpt":{"rendered":"<p>Compa\u00f1eros desde D\u00fcsseldorf saludan y festejan los 20 a\u00f1os del alzamiento Zapatista el primero de enero de 2014:\u00a0http:\/\/alertaduesseldorf.blogsport.de\/2014\/01\/01\/zapatista-glueckwunsch\/ D\u00fcsseldorf, 1 de enero de 2014 Compa\u00f1eros y compa\u00f1eras zapatistas: \u00a1Muchas felicidades por el vig\u00e9simo aniversario de su levantamiento en 1994! Les deseamos una gran celebraci\u00f3n y muchos a\u00f1os m\u00e1s de rebeli\u00f3n y de este otro mundo [&hellip;]<\/p>\n","protected":false},"author":2,"featured_media":0,"comment_status":"open","ping_status":"open","sticky":false,"template":"","format":"standard","meta":{"footnotes":""},"categories":[6,11],"tags":[22],"class_list":["post-2336","post","type-post","status-publish","format-standard","hentry","category-denuncias-e-informacion","category-articulos-y-otros-mundos","tag-ezln"],"_links":{"self":[{"href":"https:\/\/tierraylibertad.org\/index.php\/wp-json\/wp\/v2\/posts\/2336","targetHints":{"allow":["GET"]}}],"collection":[{"href":"https:\/\/tierraylibertad.org\/index.php\/wp-json\/wp\/v2\/posts"}],"about":[{"href":"https:\/\/tierraylibertad.org\/index.php\/wp-json\/wp\/v2\/types\/post"}],"author":[{"embeddable":true,"href":"https:\/\/tierraylibertad.org\/index.php\/wp-json\/wp\/v2\/users\/2"}],"replies":[{"embeddable":true,"href":"https:\/\/tierraylibertad.org\/index.php\/wp-json\/wp\/v2\/comments?post=2336"}],"version-history":[{"count":0,"href":"https:\/\/tierraylibertad.org\/index.php\/wp-json\/wp\/v2\/posts\/2336\/revisions"}],"wp:attachment":[{"href":"https:\/\/tierraylibertad.org\/index.php\/wp-json\/wp\/v2\/media?parent=2336"}],"wp:term":[{"taxonomy":"category","embeddable":true,"href":"https:\/\/tierraylibertad.org\/index.php\/wp-json\/wp\/v2\/categories?post=2336"},{"taxonomy":"post_tag","embeddable":true,"href":"https:\/\/tierraylibertad.org\/index.php\/wp-json\/wp\/v2\/tags?post=2336"}],"curies":[{"name":"wp","href":"https:\/\/api.w.org\/{rel}","templated":true}]}}