{"id":230,"date":"2009-04-03T13:01:31","date_gmt":"2009-04-03T12:01:31","guid":{"rendered":"http:\/\/tierraylibertad.org.w01d42ae.kasserver.com\/?p=230"},"modified":"2009-04-03T13:01:31","modified_gmt":"2009-04-03T12:01:31","slug":"continua-la-represion-contra-la-radio-tierra-y-libertad","status":"publish","type":"post","link":"https:\/\/tierraylibertad.org\/index.php\/2009\/04\/continua-la-represion-contra-la-radio-tierra-y-libertad\/","title":{"rendered":"Contin\u00faa la represi\u00f3n contra la Radio Tierra y Libertad"},"content":{"rendered":"<figure id=\"attachment_234\" aria-describedby=\"caption-attachment-234\" style=\"width: 300px\" class=\"wp-caption alignright\"><a href=\"http:\/\/wordpress.p156327.webspaceconfig.de\/wp-content\/uploads\/2009\/04\/cartel-ra022.jpg\"><img loading=\"lazy\" decoding=\"async\" class=\"size-medium wp-image-234\" title=\"Radio Libre\" src=\"http:\/\/wordpress.p156327.webspaceconfig.de\/wp-content\/uploads\/2009\/04\/cartel-ra022-300x195.jpg\" alt=\"Radio Libre\" width=\"300\" height=\"195\" srcset=\"https:\/\/tierraylibertad.org\/wp-content\/uploads\/2009\/04\/cartel-ra022-300x195.jpg 300w, https:\/\/tierraylibertad.org\/wp-content\/uploads\/2009\/04\/cartel-ra022-459x300.jpg 459w, https:\/\/tierraylibertad.org\/wp-content\/uploads\/2009\/04\/cartel-ra022.jpg 796w\" sizes=\"auto, (max-width: 300px) 100vw, 300px\" \/><\/a><figcaption id=\"caption-attachment-234\" class=\"wp-caption-text\">Radio Libre<\/figcaption><\/figure>\n<div class=\"post-middle\">\n<p>Radio Tierra y Libertad, ejemplo de lucha por la libertad de expresi\u00f3n.<\/p>\n<p>El proceso contra la radio se ha convertido en delito penal responsabilizando al Dr. H\u00e9ctor Camero Haro un miembro mas de la estaci\u00f3n, la Procuradur\u00eda General de la Rep\u00fablica (PGR) lo mantiene en calidad de indiciado siendo este el \u00fanico caso en M\u00e9xico que se considere como delito penal a la libertad de expresi\u00f3n, esto es un hecho sin precedentes y un claro golpe a los medios comunitarios del pa\u00eds y del mundo.<\/p>\n<p>Esta citado para rendir su declaraci\u00f3n el d\u00eda 01 de Abril de 2009 en la unidad de la PGR que se localiza en la Av. Insurgentes en la Colonia Roma en M\u00e9xico D.F. a las 2:00pm.<\/p>\n<p>Contin\u00faa la represi\u00f3n contra las radios comunitarias, el ejemplo claro lo tenemos en el caso de Radio Tierra y Libertad, en el Estado de Nuevo Le\u00f3n. Una emisora de poco menos de 100 watts de potencia, con alcance de unos cinco kil\u00f3metros entre asentamientos de clases populares al noreste de la ciudad de Monterrey. Esta radio fue cerrada el 6 de junio de 2008 por mas de 150 polic\u00edas federales, sin previo aviso y decomisando los equipos.<\/p>\n<dl id=\"attachment_231\" class=\"wp-caption alignleft\" style=\"width: 234px;\">\n<dt class=\"wp-caption-dt\"><a href=\"http:\/\/wordpress.p156327.webspaceconfig.de\/wp-content\/uploads\/2009\/04\/ac.jpg\"><img loading=\"lazy\" decoding=\"async\" class=\"size-medium wp-image-231\" title=\"tierra y libertad\" src=\"http:\/\/wordpress.p156327.webspaceconfig.de\/wp-content\/uploads\/2009\/04\/ac-224x300.jpg\" alt=\"Tierra y Libertad\" width=\"224\" height=\"300\" srcset=\"https:\/\/tierraylibertad.org\/wp-content\/uploads\/2009\/04\/ac-224x300.jpg 224w, https:\/\/tierraylibertad.org\/wp-content\/uploads\/2009\/04\/ac.jpg 542w\" sizes=\"auto, (max-width: 224px) 100vw, 224px\" \/><\/a><\/dt>\n<\/dl>\n<p>Desde entonces se ha abierto un proceso judicial importante contra esta radio comunitaria. La Procuradur\u00eda General de la Rep\u00fablica acusa a la radio comunitaria de operar sin concesi\u00f3n legal. En el local de la radio se incautaron dos equipos inform\u00e1ticos, un transmisor, una mesa de mezclas, tres micr\u00f3fonos, una antena y el robo de un celular y una grabadora de voz.<\/p>\n<p>Las autoridades se\u00f1alan que la radio comunitaria Tierra y Libertad no cumpli\u00f3 con lo establecido en la Ley General de Bienes Nacionales que establece sanciones que van de dos a doce a\u00f1os de prisi\u00f3n, y multas de 300 a mil veces el salario m\u00ednimo a quien use, aproveche o explote un bien de la naci\u00f3n, sin haber obtenido la concesi\u00f3n o permiso, o celebrado alg\u00fan contrato con la autoridad competente.<\/p>\n<p>Las radios comunitarias mexicanas, se\u00f1alan que la actividad de estas emisoras responde a proyectos sociales, de utilidad p\u00fablica, sin \u00e1nimo de lucro y de participaci\u00f3n democr\u00e1tica de la ciudadan\u00eda en medios de comunicaci\u00f3n propios.<\/p>\n<p>\u00a1Viva la libertad de expresi\u00f3n!<br \/>\n\u00a1Vivan los medios libres!<br \/>\n\u00a1Vivan las radios comunitarias!<br \/>\n\u00a1Viva Radio Tierra y Libertad! \u201cLa mera mera de la conciencia obrera\u201d<br \/>\nAsociaci\u00f3n Civil Tierra y Libertad<\/p><\/div>\n<p><!-- end .post-middle --> <!-- <rdf:RDF xmlns:rdf=\"http:\/\/www.w3.org\/1999\/02\/22-rdf-syntax-ns#\" \t\t\t\txmlns:dc=\"http:\/\/purl.org\/dc\/elements\/1.1\/\" \t\t\t\txmlns:trackback=\"http:\/\/madskills.com\/public\/xml\/rss\/module\/trackback\/\"> <rdf:Description rdf:about=\"http:\/\/enlacezapatista.ezln.org.mx\/denuncias\/1544\"     dc:identifier=\"http:\/\/enlacezapatista.ezln.org.mx\/denuncias\/1544\"     dc:title=\"Contin\u00faa la represi\u00f3n contra la Radio Tierra y Libertad\"     trackback:ping=\"http:\/\/enlacezapatista.ezln.org.mx\/denuncias\/1544\/trackback\" \/> <\/rdf:RDF> --><\/p>\n","protected":false},"excerpt":{"rendered":"<p>Radio Tierra y Libertad, ejemplo de lucha por la libertad de expresi\u00f3n. El proceso contra la radio se ha convertido en delito penal responsabilizando al Dr. H\u00e9ctor Camero Haro un miembro mas de la estaci\u00f3n, la Procuradur\u00eda General de la Rep\u00fablica (PGR) lo mantiene en calidad de indiciado siendo este el \u00fanico caso en M\u00e9xico [&hellip;]<\/p>\n","protected":false},"author":2,"featured_media":0,"comment_status":"open","ping_status":"open","sticky":false,"template":"","format":"standard","meta":{"footnotes":""},"categories":[6,11],"tags":[],"class_list":["post-230","post","type-post","status-publish","format-standard","hentry","category-denuncias-e-informacion","category-articulos-y-otros-mundos"],"_links":{"self":[{"href":"https:\/\/tierraylibertad.org\/index.php\/wp-json\/wp\/v2\/posts\/230","targetHints":{"allow":["GET"]}}],"collection":[{"href":"https:\/\/tierraylibertad.org\/index.php\/wp-json\/wp\/v2\/posts"}],"about":[{"href":"https:\/\/tierraylibertad.org\/index.php\/wp-json\/wp\/v2\/types\/post"}],"author":[{"embeddable":true,"href":"https:\/\/tierraylibertad.org\/index.php\/wp-json\/wp\/v2\/users\/2"}],"replies":[{"embeddable":true,"href":"https:\/\/tierraylibertad.org\/index.php\/wp-json\/wp\/v2\/comments?post=230"}],"version-history":[{"count":0,"href":"https:\/\/tierraylibertad.org\/index.php\/wp-json\/wp\/v2\/posts\/230\/revisions"}],"wp:attachment":[{"href":"https:\/\/tierraylibertad.org\/index.php\/wp-json\/wp\/v2\/media?parent=230"}],"wp:term":[{"taxonomy":"category","embeddable":true,"href":"https:\/\/tierraylibertad.org\/index.php\/wp-json\/wp\/v2\/categories?post=230"},{"taxonomy":"post_tag","embeddable":true,"href":"https:\/\/tierraylibertad.org\/index.php\/wp-json\/wp\/v2\/tags?post=230"}],"curies":[{"name":"wp","href":"https:\/\/api.w.org\/{rel}","templated":true}]}}