{"id":2061,"date":"2013-09-08T20:43:08","date_gmt":"2013-09-08T19:43:08","guid":{"rendered":"http:\/\/tierraylibertad.org.w01d42ae.kasserver.com\/?p=2061"},"modified":"2013-09-08T20:43:08","modified_gmt":"2013-09-08T19:43:08","slug":"denuncia-publica-de-los-desplazados-de-banavil","status":"publish","type":"post","link":"https:\/\/tierraylibertad.org\/index.php\/2013\/09\/denuncia-publica-de-los-desplazados-de-banavil\/","title":{"rendered":"Denuncia p\u00fablica de los desplazados de Banavil"},"content":{"rendered":"<p style=\"text-align: right;\">\u00a0<b>A 4 de septiembre de 2013, San Cristobal de Las Casas, Chiapas.<\/b><\/p>\n<div><b><a href=\"https:\/\/tierraylibertad.org\/wp-content\/uploads\/2012\/02\/robertobarrios1.jpg\"><img loading=\"lazy\" decoding=\"async\" class=\"alignright size-medium wp-image-1654\" alt=\"robertobarrios1\" src=\"https:\/\/tierraylibertad.org\/wp-content\/uploads\/2012\/02\/robertobarrios1-193x300.jpg\" width=\"193\" height=\"300\" srcset=\"https:\/\/tierraylibertad.org\/wp-content\/uploads\/2012\/02\/robertobarrios1-193x300.jpg 193w, https:\/\/tierraylibertad.org\/wp-content\/uploads\/2012\/02\/robertobarrios1-96x150.jpg 96w, https:\/\/tierraylibertad.org\/wp-content\/uploads\/2012\/02\/robertobarrios1.jpg 290w\" sizes=\"auto, (max-width: 193px) 100vw, 193px\" \/><\/a>Al Congreso Nacional Indigena<\/b><\/div>\n<div><b>A los Centro de Derechos Humanos onestos e independientes<\/b><\/div>\n<div><b>A los medios de comunicaci\u00f3n independientes<\/b><\/div>\n<div><b>A la sociedad Civil nacional e internacional<\/b><\/div>\n<div><b>A la Adherentes a la Sexta<\/b><\/div>\n<div><b>A la red Contra la Represion<\/b><\/div>\n<div><b>A las Juntas de Buen Gobierno<\/b><\/div>\n<div><b>A la opinion publica<\/b><\/div>\n<div align=\"JUSTIFY\"><\/div>\n<div align=\"JUSTIFY\">\n<p>El pasado 4 de diciembre de 2011, fuimos agredidos y desplazados 13 personas por los priistas del paraje Banavil, municipio de Tenejapa, Chiapas, todo por ser creer en la autonom\u00eda zapatista. All\u00ed a nuestro padre Alonso L\u00f3pez Luna lo desapareciron forzadamente la gente de la comunidad y las autoridades comunitarias. Durante un a\u00f1o y nueve meses no nos han tomado en cuenta; el gobierno federal, estatal y el Fiscal Especializado en Justicia Indigena Crist\u00f3bal Hern\u00e1ndez Lopez, es c\u00f3mplice con los agresores y respalda a los asesinos. Nos preguntamos. \u00bfdonde esta el estado de derecho? Que supuestamente esta para impartir justicia, para el la justicia es dejar libre a los asesinos y encarcelar a los inocentes como Lorenzo Lopez Giron y Francisco Santiz Lopez.<\/p>\n<\/div>\n<div align=\"JUSTIFY\">\n<p>El viernes 30 de agosto, recordamos con gran tristeza el d\u00eda del desparecido como nuestro padre Alonso Lopez Luna y muchos mas desaparecidos forzadamente por la guerra sucia del gobierno, este dia lo recordamos con tristeza y con valor en nuestros corazones, esperando que alg\u00fan d\u00eda llegue la verdad y la justicia. Porque la justicia no ha llegado como por ejemplo el amparo en el Juzgado Quinto en Tuxtla Gutierrez expediente 523\/2013, han pasado meses y el pretexto, es que est\u00e1n saturados de trabajo. Este amparo es para que ejecuten las 11 ordenes de aprehensi\u00f3n contra los agresores y asesinos. Pero no hay respuesta la impunidad impera en contra nuestra como pueblos ind\u00edgenas discriminados.<\/p>\n<p>En estos \u00faltimos d\u00edas nos enteramos de los hechos ocurridos en el Ejido Puebla, donde fueron desplazados 91 personas entre hombres, mujeres y ni\u00f1os, que tampoco el Fiscal Especializado en Justicia Indigena Cristobal Hernandez no aplica el estado de derecho, solo ve como los acaban a nuestros hermanos desplazados y por encima de eso les proh\u00edben realizar denunciar publicas ya que es su \u00fanica defensa de los hermanos cat\u00f3licos. Nos preguntamos donde esta nuestros derechos como pueblos ind\u00edgenas. Y a nuestros hermanos del ejido Puebla cuanto tiempo va estar en la impunidad toda las agresiones en su contra.<\/p>\n<\/div>\n<div align=\"JUSTIFY\">Nosotros los desplazados de Banavil, vivimos en condiciones inhumanas compartimos con ustedes nuestra memoria de m\u00faltiples agresiones en nuestra contra y contra nuestros hermanos del ejido Puebla, estar desplazados es vivir no como seres humanos, porque los seres humanos tienen derechos.<\/div>\n<div align=\"JUSTIFY\">Que digan los agresores que le hicieron a nuestro padre, porque los agresores saben lo que pas\u00f3 y lo que le hicieron. Han pasado los meses y la justicia no llega. Porque estos agresores y asesinos est\u00e1n libres y no hubo castigo contra ellos no pisaron la c\u00e1rcel, pero los inocentes los condenan y pasan muchos a\u00f1os en la prisi\u00f3n.<\/div>\n<div align=\"JUSTIFY\">Al se\u00f1or al presidente de la rep\u00fablica Enrique Pe\u00f1a Nieto y el Gobernador Manuel Velasco Coello:<\/div>\n<div align=\"JUSTIFY\"><\/div>\n<div align=\"JUSTIFY\">Exigimos la verdad sobre la desaparici\u00f3n forzada a nuestro padre Alonso L\u00f3pez Luna<\/div>\n<div align=\"JUSTIFY\">Exigimos justicia por los hechos ocurridos del 4 de diciembre de 2011.<\/div>\n<div align=\"JUSTIFY\">Exgimos justicia para los hermanos desplazados del ejido Puebla<\/div>\n<div align=\"JUSTIFY\">Exigimos la libertad a nuestro hermano Alberto Patisthan sentenciado a 60 a\u00f1os de prisi\u00f3n.<\/div>\n<div align=\"CENTER\"><\/div>\n<p align=\"CENTER\"><b>ATENTAMENTE<\/b><\/p>\n<div align=\"CENTER\"><b>Los desplazados de Banavil, municipio de Tenejapa, Chiapas.<\/b><\/div>\n<div align=\"CENTER\"><b>Simpatizantes del EZLN<\/b><\/div>\n<div align=\"CENTER\"><b>Lorenzo Lopez Giron<\/b><\/div>\n<div align=\"CENTER\"><b>Miguel Lopez Giron<\/b><\/div>\n<div align=\"CENTER\"><b>Petrona Lopez Giron<\/b><\/div>\n<div align=\"CENTER\"><b>Anita Lopez Giron<\/b><\/div>\n","protected":false},"excerpt":{"rendered":"<p>\u00a0A 4 de septiembre de 2013, San Cristobal de Las Casas, Chiapas. Al Congreso Nacional Indigena A los Centro de Derechos Humanos onestos e independientes A los medios de comunicaci\u00f3n independientes A la sociedad Civil nacional e internacional A la Adherentes a la Sexta A la red Contra la Represion A las Juntas de Buen [&hellip;]<\/p>\n","protected":false},"author":2,"featured_media":0,"comment_status":"open","ping_status":"open","sticky":false,"template":"","format":"standard","meta":{"footnotes":""},"categories":[6],"tags":[40],"class_list":["post-2061","post","type-post","status-publish","format-standard","hentry","category-denuncias-e-informacion","tag-solidaridad"],"_links":{"self":[{"href":"https:\/\/tierraylibertad.org\/index.php\/wp-json\/wp\/v2\/posts\/2061","targetHints":{"allow":["GET"]}}],"collection":[{"href":"https:\/\/tierraylibertad.org\/index.php\/wp-json\/wp\/v2\/posts"}],"about":[{"href":"https:\/\/tierraylibertad.org\/index.php\/wp-json\/wp\/v2\/types\/post"}],"author":[{"embeddable":true,"href":"https:\/\/tierraylibertad.org\/index.php\/wp-json\/wp\/v2\/users\/2"}],"replies":[{"embeddable":true,"href":"https:\/\/tierraylibertad.org\/index.php\/wp-json\/wp\/v2\/comments?post=2061"}],"version-history":[{"count":0,"href":"https:\/\/tierraylibertad.org\/index.php\/wp-json\/wp\/v2\/posts\/2061\/revisions"}],"wp:attachment":[{"href":"https:\/\/tierraylibertad.org\/index.php\/wp-json\/wp\/v2\/media?parent=2061"}],"wp:term":[{"taxonomy":"category","embeddable":true,"href":"https:\/\/tierraylibertad.org\/index.php\/wp-json\/wp\/v2\/categories?post=2061"},{"taxonomy":"post_tag","embeddable":true,"href":"https:\/\/tierraylibertad.org\/index.php\/wp-json\/wp\/v2\/tags?post=2061"}],"curies":[{"name":"wp","href":"https:\/\/api.w.org\/{rel}","templated":true}]}}