{"id":2022,"date":"2013-08-29T10:48:36","date_gmt":"2013-08-29T09:48:36","guid":{"rendered":"http:\/\/tierraylibertad.org.w01d42ae.kasserver.com\/?p=2022"},"modified":"2013-08-29T10:48:36","modified_gmt":"2013-08-29T09:48:36","slug":"detencion-de-la-companera-rosa-medina-moreno-fpdt-atenco","status":"publish","type":"post","link":"https:\/\/tierraylibertad.org\/index.php\/2013\/08\/detencion-de-la-companera-rosa-medina-moreno-fpdt-atenco\/","title":{"rendered":"Detenci\u00f3n de la Compa\u00f1era Rosa Medina Moreno, FPDT Atenco"},"content":{"rendered":"<figure id=\"attachment_1203\" aria-describedby=\"caption-attachment-1203\" style=\"width: 250px\" class=\"wp-caption alignright\"><a href=\"https:\/\/tierraylibertad.org\/wp-content\/uploads\/2010\/06\/atenco-resiste.png\"><img loading=\"lazy\" decoding=\"async\" class=\"size-medium wp-image-1203\" alt=\"Atenco Resiste\" src=\"https:\/\/tierraylibertad.org\/wp-content\/uploads\/2010\/06\/atenco-resiste-250x300.png\" width=\"250\" height=\"300\" srcset=\"https:\/\/tierraylibertad.org\/wp-content\/uploads\/2010\/06\/atenco-resiste-250x300.png 250w, https:\/\/tierraylibertad.org\/wp-content\/uploads\/2010\/06\/atenco-resiste.png 382w\" sizes=\"auto, (max-width: 250px) 100vw, 250px\" \/><\/a><figcaption id=\"caption-attachment-1203\" class=\"wp-caption-text\">Atenco Resiste<\/figcaption><\/figure>\n<p style=\"text-align: justify;\">Al pueblo de M\u00e9xico:<br \/>\nA los pueblos del Mundo:<br \/>\nA las organizaciones del pueblo:<\/p>\n<p style=\"text-align: justify;\">\nNuevamente acudimos a ustedes, desde la orilla del agua, Atenco, para alertar y denunciar que la<br \/>\nrepresi\u00f3n desatada contra el Frente de Pueblos en Defensa de la Tierra en mayo del 2006, hoy pretenden<br \/>\nrevivirla.<\/p>\n<p style=\"text-align: justify;\">Durante la ma\u00f1ana de \u00e9ste mi\u00e9rcoles 28 de agosto, alrededor de las 9 de la ma\u00f1ana, mientras<br \/>\nse encontraba corriendo en el parque ejidal de Atenco, la compa\u00f1era Rosa Medina Moreno fue<br \/>\n\u201cdetenida\u201d por cuatro sujetos y conducida al Penal del Molino de Flores.<br \/>\nGracias a una llamada que logra hacerle a su hija, \u00e9sta alcanza a decirle que se le acusa del robo de<br \/>\nun veh\u00edculo y quien la demanda, es el Ayuntamiento municipal de Atenco del 2006 (N\u00famero de<br \/>\ncausa 430\/12).<\/p>\n<p style=\"text-align: justify;\">Hasta este momento, la compa\u00f1era se ha reservado su derecho a declarar y lo har\u00e1 cuando la<br \/>\nasista el abogado de su confianza (en lo que ya se est\u00e1 trabajando).<\/p>\n<p style=\"text-align: justify;\">No obstante, es necesario subrayar lo siguiente:<br \/>\n&#8211; Se ignora si a la hora de su detenci\u00f3n, le presentaron la orden de aprehensi\u00f3n<br \/>\n&#8211; Desde que la detienen, pasaron 4 horas para que le permitieran comunicarse con su familiar o<br \/>\nabogado.<br \/>\n&#8211; La conducen al Penal del molino de las Flores, hecho plagado de toda ilegalidad.<\/p>\n<p style=\"text-align: justify;\">Bajo estas circunstancias, y en un contexto como el que vivimos a escasos cerca 35 km de la Ciudad de<br \/>\nM\u00e9xico, donde nuestros hermanos maestros se encuentran dando una pelea importante por la defensa<br \/>\nde la educaci\u00f3n, los derechos laborales, y en suma, por una Patria justa, dada la herida profunda de<br \/>\ninjusticias, no daremos pie a las casualidades.<\/p>\n<p style=\"text-align: justify;\">La acusaci\u00f3n que se le imputa a la compa\u00f1era, adem\u00e1s de las violaciones que le cometen a la hora<br \/>\nde su detenci\u00f3n, est\u00e1 enmarcada en los hechos del 3 y 4 de mayo del 2006, por lo que no ser\u00eda extra\u00f1o<br \/>\nque desde Los Pinos que ocupa Enrique Pe\u00f1a Nieto, a trav\u00e9s del poder judicial del Estado de M\u00e9xico,<br \/>\nquieran reavivar la venganza, ejecutando ordenes de aprehensi\u00f3n, que en su momento reservaron como<br \/>\naveriguaciones previas por los hechos ocurridos en el mayo del 2006 y contra decenas de pobladores y<br \/>\ncompa\u00f1eros que ejercimos nuestro derecho a la defensa.<\/p>\n<p style=\"text-align: justify;\">Por lo anterior:<br \/>\nHacemos un llamado en\u00e9rgico al gobierno estatal mexiquense y a Enrique Pe\u00f1a Nieto para que detengan<br \/>\nsus intensiones de atizar una nueva ofensiva contra el FPDT y sus integrantes que nos mantenemos<br \/>\norganizados para defender la Tierra contra la amenaza de despojo que sigue vigente.<\/p>\n<p style=\"text-align: justify;\">Al Procurador de Justicia mexiquense, el se\u00f1or Miguel \u00c1ngel Contreras Nieto, lo emplazamos a que agilice<br \/>\nla liberaci\u00f3n de Rosa Medina y ponga entera atenci\u00f3n en este caso, y no promuevan de nueva cuenta la<br \/>\ncrimininalizaci\u00f3n y la venganza pol\u00edtica mediante la violaci\u00f3n a sus propias leyes.<\/p>\n<p style=\"text-align: justify;\">CONVOCAMOS A TODA LA SOLIDARIDAD Y LOS MEDIOS DE COMUNICACI\u00d3N<br \/>\nA la MARCHA URGENTE ma\u00f1ana 29 de agosto, que saldr\u00e1 del centro de Atenco a las 9 horas, para<br \/>\ndirigirse al Penal del Molino de Flores en<\/p>\n<p style=\"text-align: justify;\">Texcoco, Estado de M\u00e9xico.<\/p>\n<p style=\"text-align: justify;\">\u00a1LIBERTAD A ROSA MEDINA!<\/p>\n<p style=\"text-align: justify;\">\u00a1LA TIERRA NO EST\u00c1 EN VENTA Y LA LIBERTAD NO ES MONEDA DE CAMBIO!<\/p>\n<p style=\"text-align: justify;\">Frente de Pueblos en Defensa de la Tierra<\/p>\n","protected":false},"excerpt":{"rendered":"<p>Al pueblo de M\u00e9xico: A los pueblos del Mundo: A las organizaciones del pueblo: Nuevamente acudimos a ustedes, desde la orilla del agua, Atenco, para alertar y denunciar que la represi\u00f3n desatada contra el Frente de Pueblos en Defensa de la Tierra en mayo del 2006, hoy pretenden revivirla. Durante la ma\u00f1ana de \u00e9ste mi\u00e9rcoles [&hellip;]<\/p>\n","protected":false},"author":2,"featured_media":0,"comment_status":"open","ping_status":"open","sticky":false,"template":"","format":"standard","meta":{"footnotes":""},"categories":[6],"tags":[],"class_list":["post-2022","post","type-post","status-publish","format-standard","hentry","category-denuncias-e-informacion"],"_links":{"self":[{"href":"https:\/\/tierraylibertad.org\/index.php\/wp-json\/wp\/v2\/posts\/2022","targetHints":{"allow":["GET"]}}],"collection":[{"href":"https:\/\/tierraylibertad.org\/index.php\/wp-json\/wp\/v2\/posts"}],"about":[{"href":"https:\/\/tierraylibertad.org\/index.php\/wp-json\/wp\/v2\/types\/post"}],"author":[{"embeddable":true,"href":"https:\/\/tierraylibertad.org\/index.php\/wp-json\/wp\/v2\/users\/2"}],"replies":[{"embeddable":true,"href":"https:\/\/tierraylibertad.org\/index.php\/wp-json\/wp\/v2\/comments?post=2022"}],"version-history":[{"count":0,"href":"https:\/\/tierraylibertad.org\/index.php\/wp-json\/wp\/v2\/posts\/2022\/revisions"}],"wp:attachment":[{"href":"https:\/\/tierraylibertad.org\/index.php\/wp-json\/wp\/v2\/media?parent=2022"}],"wp:term":[{"taxonomy":"category","embeddable":true,"href":"https:\/\/tierraylibertad.org\/index.php\/wp-json\/wp\/v2\/categories?post=2022"},{"taxonomy":"post_tag","embeddable":true,"href":"https:\/\/tierraylibertad.org\/index.php\/wp-json\/wp\/v2\/tags?post=2022"}],"curies":[{"name":"wp","href":"https:\/\/api.w.org\/{rel}","templated":true}]}}