{"id":1933,"date":"2013-04-22T20:26:34","date_gmt":"2013-04-22T19:26:34","guid":{"rendered":"http:\/\/tierraylibertad.org.w01d42ae.kasserver.com\/?p=1933"},"modified":"2013-04-22T20:26:34","modified_gmt":"2013-04-22T19:26:34","slug":"urgente-amenazan-a-caravana-civil-de-observacion-de-derechos-humanos-a-san-marcos-aviles-chiapas","status":"publish","type":"post","link":"https:\/\/tierraylibertad.org\/index.php\/2013\/04\/urgente-amenazan-a-caravana-civil-de-observacion-de-derechos-humanos-a-san-marcos-aviles-chiapas\/","title":{"rendered":"URGENTE: Amenazan a \u00abCaravana Civil de Observaci\u00f3n de Derechos Humanos a San Marcos Avil\u00e9s, Chiapas"},"content":{"rendered":"<div id=\":1h\">\n<div>\n<div>\n<div>\n<div>\n<div>\n<div>Centro de Derechos Humanos<\/div>\n<div><b>Fray Bartolom\u00e9 de Las Casas, AC<\/b><\/div>\n<div><b>\u00a0<\/b><\/div>\n<div><a href=\"https:\/\/tierraylibertad.org\/wp-content\/uploads\/2013\/01\/final-05-esp.png\"><img loading=\"lazy\" decoding=\"async\" class=\"alignright size-medium wp-image-1897\" alt=\"final-05-esp\" src=\"https:\/\/tierraylibertad.org\/wp-content\/uploads\/2013\/01\/final-05-esp-300x300.png\" width=\"203\" height=\"203\" srcset=\"https:\/\/tierraylibertad.org\/wp-content\/uploads\/2013\/01\/final-05-esp-300x300.png 300w, https:\/\/tierraylibertad.org\/wp-content\/uploads\/2013\/01\/final-05-esp-150x150.png 150w, https:\/\/tierraylibertad.org\/wp-content\/uploads\/2013\/01\/final-05-esp-400x400.png 400w, https:\/\/tierraylibertad.org\/wp-content\/uploads\/2013\/01\/final-05-esp.png 640w\" sizes=\"auto, (max-width: 203px) 100vw, 203px\" \/><\/a>San Crist\u00f3bal de Las Casas, Chiapas a 22 de abril del 2013<\/div>\n<div><\/div>\n<div>Nota Urgente<\/div>\n<div><\/div>\n<div><b>Caravana en San Marcos Avil\u00e9s recibe amenazas de partidistas, quienes dicen: \u201ccorrer\u00e1 sangre\u201d.<\/b><\/div>\n<div><b>\u00a0<\/b><\/div>\n<div>Seg\u00fan informaci\u00f3n con la que contamos hasta el momento, los partidistas de San Marcos Avil\u00e9s han amenazado a la \u201cCaravana Civil de Observaci\u00f3n de Derechos Humanos a San Marcos Avil\u00e9s de la Red por la Paz en Chiapas\u201d con quitarles los veh\u00edculos que seg\u00fan informaci\u00f3n dijeron:<\/div>\n<div><\/div>\n<div>\u201c<i>si no los entregan a la buena ser\u00e1 a la mala y si corre sangre va a correr sangre\u201d.<\/i><\/div>\n<div><i>\u00a0<\/i><\/div>\n<div>Como Centro de Derechos Humanos exigimos la pronta e inmediata intervenci\u00f3n del gobierno de Chiapas para proteger y garantizar la integridad personal de los defensores y defensoras de derechos humanos de la caravana civil.<\/div>\n<div><\/div>\n<div>Finalmente solicitamos a la sociedad civil nacional e internacional que est\u00e9 al tanto de la situaci\u00f3n.<\/div>\n<\/div>\n<\/div>\n<\/div>\n<\/div>\n<\/div>\n<\/div>\n","protected":false},"excerpt":{"rendered":"<p>Centro de Derechos Humanos Fray Bartolom\u00e9 de Las Casas, AC \u00a0 San Crist\u00f3bal de Las Casas, Chiapas a 22 de abril del 2013 Nota Urgente Caravana en San Marcos Avil\u00e9s recibe amenazas de partidistas, quienes dicen: \u201ccorrer\u00e1 sangre\u201d. \u00a0 Seg\u00fan informaci\u00f3n con la que contamos hasta el momento, los partidistas de San Marcos Avil\u00e9s han [&hellip;]<\/p>\n","protected":false},"author":2,"featured_media":0,"comment_status":"open","ping_status":"open","sticky":false,"template":"","format":"standard","meta":{"footnotes":""},"categories":[6],"tags":[],"class_list":["post-1933","post","type-post","status-publish","format-standard","hentry","category-denuncias-e-informacion"],"_links":{"self":[{"href":"https:\/\/tierraylibertad.org\/index.php\/wp-json\/wp\/v2\/posts\/1933","targetHints":{"allow":["GET"]}}],"collection":[{"href":"https:\/\/tierraylibertad.org\/index.php\/wp-json\/wp\/v2\/posts"}],"about":[{"href":"https:\/\/tierraylibertad.org\/index.php\/wp-json\/wp\/v2\/types\/post"}],"author":[{"embeddable":true,"href":"https:\/\/tierraylibertad.org\/index.php\/wp-json\/wp\/v2\/users\/2"}],"replies":[{"embeddable":true,"href":"https:\/\/tierraylibertad.org\/index.php\/wp-json\/wp\/v2\/comments?post=1933"}],"version-history":[{"count":0,"href":"https:\/\/tierraylibertad.org\/index.php\/wp-json\/wp\/v2\/posts\/1933\/revisions"}],"wp:attachment":[{"href":"https:\/\/tierraylibertad.org\/index.php\/wp-json\/wp\/v2\/media?parent=1933"}],"wp:term":[{"taxonomy":"category","embeddable":true,"href":"https:\/\/tierraylibertad.org\/index.php\/wp-json\/wp\/v2\/categories?post=1933"},{"taxonomy":"post_tag","embeddable":true,"href":"https:\/\/tierraylibertad.org\/index.php\/wp-json\/wp\/v2\/tags?post=1933"}],"curies":[{"name":"wp","href":"https:\/\/api.w.org\/{rel}","templated":true}]}}