{"id":1927,"date":"2013-04-18T21:52:36","date_gmt":"2013-04-18T20:52:36","guid":{"rendered":"http:\/\/tierraylibertad.org.w01d42ae.kasserver.com\/?p=1927"},"modified":"2013-04-18T21:52:36","modified_gmt":"2013-04-18T20:52:36","slug":"invitacion-a-marcha-19-abril-1400-parque-hundido-cu","status":"publish","type":"post","link":"https:\/\/tierraylibertad.org\/index.php\/2013\/04\/invitacion-a-marcha-19-abril-1400-parque-hundido-cu\/","title":{"rendered":"Invitaci\u00f3n a marcha 19 abril 14:00 Parque hundido &#8211; CU"},"content":{"rendered":"<p align=\"center\"><big><big><b><a href=\"https:\/\/tierraylibertad.org\/wp-content\/uploads\/2013\/04\/Marchaporlaeducacion.jpg\"><img loading=\"lazy\" decoding=\"async\" class=\"aligncenter size-full wp-image-1928\" alt=\"Marchaporlaeducacion\" src=\"https:\/\/tierraylibertad.org\/wp-content\/uploads\/2013\/04\/Marchaporlaeducacion.jpg\" width=\"960\" height=\"639\" srcset=\"https:\/\/tierraylibertad.org\/wp-content\/uploads\/2013\/04\/Marchaporlaeducacion.jpg 960w, https:\/\/tierraylibertad.org\/wp-content\/uploads\/2013\/04\/Marchaporlaeducacion-300x199.jpg 300w, https:\/\/tierraylibertad.org\/wp-content\/uploads\/2013\/04\/Marchaporlaeducacion-150x99.jpg 150w, https:\/\/tierraylibertad.org\/wp-content\/uploads\/2013\/04\/Marchaporlaeducacion-400x266.jpg 400w\" sizes=\"auto, (max-width: 960px) 100vw, 960px\" \/><\/a>Bolet\u00edn de prensa<\/b><\/big><\/big><b><br \/>\n<\/b><b>Jornada de lucha por la Educaci\u00f3n p\u00fablica y gratuita<\/b><b><br \/>\n<\/b><big><b>I<\/b><b>nvitaci\u00f3n a marcha 19 abril 14:00 Parque hundido &#8211; CU<\/b><\/big><\/p>\n<p>Las diversas reformas realizadas al Art\u00edculo 3\u00ba de la Constituci\u00f3n Pol\u00edtica de los Estados Unidos Mexicanos y a la Ley General de Educaci\u00f3n, as\u00ed como la propuesta conocida como de los \u201c12 puntos\u201d para el Colegio de Ciencias y Humanidades han sido impuestas por las autoridades, no s\u00f3lo ignorando la voz de los estudiantes y acad\u00e9micos, sino incluso, simulando di\u00e1logos con la comunidad estudiantil y acad\u00e9mica.<\/p>\n<p>Estas contra reformas representan en la pr\u00e1ctica, m\u00e1s all\u00e1 del bonito discurso de las autoridades, la destrucci\u00f3n de los proyectos educativos como el del CCH, que se caracterizaban por destacar la formaci\u00f3n cr\u00edtica y humanista, y al mismo tiempo que destruye estos proyectos, construye y consolida un proyecto cuya base es, no podemos llamarla formaci\u00f3n, la simple instrucci\u00f3n y capacitaci\u00f3n t\u00e9cnica, nuestro Pueblo necesita hombres y mujeres que piensen, no esclavos de las m\u00e1quinas y este \u00faltimo es el objetivo del Estado mexicano y del candil de la calle, pero obscuridad de s\u00ed misma, nuestra alma mater, la UNAM.<\/p>\n<p>La comunidad estudiantil y acad\u00e9mica que de manera organizada hemos planteado esta posici\u00f3n ante las autoridades competentes, no s\u00f3lo hemos encontrado o\u00eddos sordos, di\u00e1logos simulados y peroratas de supuesta legalidad, sino que cuando ejercemos el derecho a la protesta para hacernos o\u00edr, hemos sido criminalizados, judicializados, sancionados e incluso expulsados provisionalmente y en muchos casos definitivamente, usando \u201cel imperio de la ley\u201d como una herramienta pol\u00edtica para intentar acallarnos y que la comunidad universitaria tampoco nos escuche.<\/p>\n<p>No bastan los castigos acad\u00e9micos y legales, tambi\u00e9n denunciamos el uso de un grupo cuasi paramilitar al servicio de las autoridades universitarias que disfrazados de trabajadores y funcionarios, nos han golpeado, nos han taloneado (asaltado), nos humillan, acosan sexualmente a nuestras compa\u00f1eras, muchas de ellas menores de edad, se burlan de nuestra forma de vestir y abusan de ese poder que la Instituci\u00f3n que habla de democracia les ha otorgado de manera impune, el \u00fanico objetivo es inhibir nuestros derechos de reuni\u00f3n, asociaci\u00f3n, libre expresi\u00f3n y manifestaci\u00f3n, con lo que no estamos de acuerdo de las autoridades, la corrupci\u00f3n, la violencia, la imposici\u00f3n, la vigilancia y control excesivo, las violaciones a los derechos humanos que cometen en contra nuestra, en contra de la comunidad universitaria, en contra de nuestro pueblo.<\/p>\n<p><strong>Frente a este contexto decidimos de manera coordinada, realizar una JORNADA DE LUCHA POR LA EDUCACI\u00d3N P\u00daBLICA Y GRATUITA con las siguientes demandas:<\/strong><\/p>\n<ol>\n<li>Reinstalaci\u00f3n de los 5 estudiantes expulsados por motivos pol\u00edticos del CCH Naucalpan.<\/li>\n<li>Justicia para Mayra Valenzuela por el intento de ejecuci\u00f3n extrajudicial sufrido a manos de porros en contubernio con autoridades de la UNAM el 7 de mayo del 2004.<\/li>\n<li>No a la propuesta de los 12 puntos de contrarreformas en los CCHs (Ahora 8 puntos).<\/li>\n<li>Desaparici\u00f3n del anticonstitucional Tribunal Universitario.<\/li>\n<li>No a la criminalizaci\u00f3n de la protesta social.<\/li>\n<li>Derogaci\u00f3n del protocolo de actuaci\u00f3n policial de la SSP del DF para el control de multitudes ya que viola El art\u00edculo primero de la Constituci\u00f3n Mexicana y el Derecho Humano a la protesta social.<\/li>\n<\/ol>\n<p><strong>Y los invitamos a las siguientes actividades<\/strong><\/p>\n<ul>\n<li>Marcha el 19 de abril de 2013 a las 14 horas del Parque Hundido a la Rector\u00eda de Ciudad Universitaria con mitin y plant\u00f3n en la Rector\u00eda hasta la resoluci\u00f3n de las demandas.<\/li>\n<li>Foros informativos en CCHs, Preparatorias y Facultades de la UNAM que se est\u00e1n realizando desde el 4 y que culminaran el 24 de abril.<\/li>\n<li>Encuentro Estudiantil el 24 de abril de las 10: 00 horas a las 20:00 horas en el Auditorio Che Guevara de Ciudad Universitaria<\/li>\n<\/ul>\n<p>Le decimos a la autoridad universitaria que no resolver\u00e1 la problem\u00e1tica que actualmente vivimos en la UNAM, con la pol\u00edtica del garrote y la zanahoria, para ser m\u00e1s claros, con el uso faccioso del anticonstitucional Tribunal Universitario (a imagen y semejanza del fuero militar) y la simulaci\u00f3n de di\u00e1logo.<\/p>\n<p>Para reparar el tejido social en las comunidades que conforman los CCH\u2019s es necesario que la autoridad tenga no s\u00f3lo la voluntad, sino la iniciativa de investigar y sancionar y si es el caso denunciar penalmente a aquellos funcionarios y trabajadores que han lastimado a cualquier miembro de la comunidad estudiantil y acad\u00e9mica, no s\u00f3lo los que somos cr\u00edticos, adem\u00e1s le recordamos que muchos estudiantes son menores de edad y eso nunca ha impedido o frenado a la mafia que vive del presupuesto universitario.<\/p>\n<p>Aclaramos que nosotros, en todo momento, fieles al esp\u00edritu universitario hemos defendido y seguiremos defendiendo a nuestra querida Universidad Nacional Aut\u00f3noma de M\u00e9xico y a su objetivo principal, una educaci\u00f3n p\u00fablica y gratuita, con un sentido humanista y al servicio de nuestro pueblo.<\/p>\n<p>Ma\u00f1ana a partir de las 14:00 marcharemos, ejerciendo nuestro derecho a la protesta, orillados por la cerraz\u00f3n de nuestras autoridades.<\/p>\n<p>Sabemos de antemano que intentar\u00e1n \u201cprotegernos\u201d aplic\u00e1ndonos el protocolo de represi\u00f3n contra la protesta social de la Secretar\u00eda de Seguridad P\u00fablica del DF o c\u00f3mo le hayan nombrado, por lo cual y ante el uso excesivo de la fuerza que ha caracterizado a este gobierno proderechista de Miguel \u00c1ngel Mancera Espinosa, lo hacemos directamente responsable de cualquier acto de represi\u00f3n que sea ejercido en contra de los manifestantes y de periodistas y defensores de derechos humanos que ejerciendo su derecho a defender los derechos humanos nos acompa\u00f1ar\u00e1n.<\/p>\n<p align=\"center\"><strong>POR UNA EDUCACI\u00d3N P\u00daBLICA Y GRATUITA\u00a0<\/strong><br \/>\n<i>\u201cDefendamos la Educaci\u00f3n hoy y para las futuras generaciones.\u201d<\/i><\/p>\n<p align=\"center\">Asamblea Universitaria de Acad\u00e9micos<br \/>\nEstudiantes expulsados de CCH Naucalpan<br \/>\nCoordinadora de CCH\u00b4s<br \/>\nBrigada Estudiantil Multidisciplinaria<\/p>\n","protected":false},"excerpt":{"rendered":"<p>Bolet\u00edn de prensa Jornada de lucha por la Educaci\u00f3n p\u00fablica y gratuita Invitaci\u00f3n a marcha 19 abril 14:00 Parque hundido &#8211; CU Las diversas reformas realizadas al Art\u00edculo 3\u00ba de la Constituci\u00f3n Pol\u00edtica de los Estados Unidos Mexicanos y a la Ley General de Educaci\u00f3n, as\u00ed como la propuesta conocida como de los \u201c12 puntos\u201d [&hellip;]<\/p>\n","protected":false},"author":2,"featured_media":0,"comment_status":"open","ping_status":"open","sticky":false,"template":"","format":"standard","meta":{"footnotes":""},"categories":[6],"tags":[],"class_list":["post-1927","post","type-post","status-publish","format-standard","hentry","category-denuncias-e-informacion"],"_links":{"self":[{"href":"https:\/\/tierraylibertad.org\/index.php\/wp-json\/wp\/v2\/posts\/1927","targetHints":{"allow":["GET"]}}],"collection":[{"href":"https:\/\/tierraylibertad.org\/index.php\/wp-json\/wp\/v2\/posts"}],"about":[{"href":"https:\/\/tierraylibertad.org\/index.php\/wp-json\/wp\/v2\/types\/post"}],"author":[{"embeddable":true,"href":"https:\/\/tierraylibertad.org\/index.php\/wp-json\/wp\/v2\/users\/2"}],"replies":[{"embeddable":true,"href":"https:\/\/tierraylibertad.org\/index.php\/wp-json\/wp\/v2\/comments?post=1927"}],"version-history":[{"count":0,"href":"https:\/\/tierraylibertad.org\/index.php\/wp-json\/wp\/v2\/posts\/1927\/revisions"}],"wp:attachment":[{"href":"https:\/\/tierraylibertad.org\/index.php\/wp-json\/wp\/v2\/media?parent=1927"}],"wp:term":[{"taxonomy":"category","embeddable":true,"href":"https:\/\/tierraylibertad.org\/index.php\/wp-json\/wp\/v2\/categories?post=1927"},{"taxonomy":"post_tag","embeddable":true,"href":"https:\/\/tierraylibertad.org\/index.php\/wp-json\/wp\/v2\/tags?post=1927"}],"curies":[{"name":"wp","href":"https:\/\/api.w.org\/{rel}","templated":true}]}}