{"id":1763,"date":"2012-06-02T17:27:58","date_gmt":"2012-06-02T16:27:58","guid":{"rendered":"http:\/\/tierraylibertad.org.w01d42ae.kasserver.com\/?p=1763"},"modified":"2012-06-03T12:44:17","modified_gmt":"2012-06-03T11:44:17","slug":"la-tardia-primavera-mexicana","status":"publish","type":"post","link":"https:\/\/tierraylibertad.org\/index.php\/2012\/06\/la-tardia-primavera-mexicana\/","title":{"rendered":"La Tardia Primavera Mexicana."},"content":{"rendered":"<div>\n<figure id=\"attachment_1764\" aria-describedby=\"caption-attachment-1764\" style=\"width: 300px\" class=\"wp-caption alignright\"><a href=\"https:\/\/tierraylibertad.org\/wp-content\/uploads\/2012\/06\/postales-del-ezln-4-abrazando-esperanza-L-mpTV8F.jpeg\"><img loading=\"lazy\" decoding=\"async\" class=\"size-medium wp-image-1764\" title=\"postales-del-ezln-4-abrazando-esperanza-L-mpTV8F\" src=\"https:\/\/tierraylibertad.org\/wp-content\/uploads\/2012\/06\/postales-del-ezln-4-abrazando-esperanza-L-mpTV8F-300x212.jpg\" alt=\"\" width=\"300\" height=\"212\" srcset=\"https:\/\/tierraylibertad.org\/wp-content\/uploads\/2012\/06\/postales-del-ezln-4-abrazando-esperanza-L-mpTV8F-300x212.jpg 300w, https:\/\/tierraylibertad.org\/wp-content\/uploads\/2012\/06\/postales-del-ezln-4-abrazando-esperanza-L-mpTV8F-150x106.jpg 150w, https:\/\/tierraylibertad.org\/wp-content\/uploads\/2012\/06\/postales-del-ezln-4-abrazando-esperanza-L-mpTV8F-400x283.jpg 400w, https:\/\/tierraylibertad.org\/wp-content\/uploads\/2012\/06\/postales-del-ezln-4-abrazando-esperanza-L-mpTV8F.jpeg 600w\" sizes=\"auto, (max-width: 300px) 100vw, 300px\" \/><\/a><figcaption id=\"caption-attachment-1764\" class=\"wp-caption-text\">Abrazando la esperanza, por Beatriz Aurora<\/figcaption><\/figure>\n<p>\u00a1Hola a todos los que accidentalmente llegaron a esta pagina a este comentario y tambi\u00e9n a los ke no fue accidental!<\/p>\n<p>Unas lineas con una esperanza que en realidad nunca se hab\u00eda ido, simplemente sorprendi\u00f3 que en una Universidad privada se despertara, pues uno pensar\u00eda que es en estas donde la competencia y el individualismo esta al m\u00e1ximo.<\/p>\n<p>Cuando escuche que le gritaban \u00a1ATENCO NO SE OLVIDA! al asesino de Pe\u00f1a Nieto, sent\u00ed que se me sal\u00edan las lagrimas pues fue un momento muy doloroso para muchos sobre todo para los compas de Atenco y una impotencia para todos los de la otra campa\u00f1a hace 6 a\u00f1os.<\/p>\n<p>Yo no lo olvidaba, as\u00ed como muchos de los compa\u00f1eros de la otra campa\u00f1a pero me sorprendi\u00f3 que despu\u00e9s de sacar a los compa\u00f1eros de la c\u00e1rcel, un sector de la poblaci\u00f3n que no \u00a0esperaba que recordaran lo recordaron y se\u00f1alaron al asesino. En ese momento la \u00a0memoria rompi\u00f3 el letargo y es en ese momento vez todo el trabajo los compa\u00f1eros sali\u00f3 a la luz, el cual no solo fue para liberar a nuestro compa\u00f1eros, sino que fue un trabajo\u00a0 para la memoria colectiva.<\/p>\n<p>Y ahora si se vuelve a hablar de un movimiento estudiantil, pero es que ese movimiento nunca se fue, solo se estaba preparando y en un momento exploto, pues si no recuerdan en el \u00faltimo a\u00f1o los estudiantes de Guerrero se levantaron y fueron reprimidos y dos de ellos asesinados en la carretera del sol, o los estudiantes de Michoacan y siempre han estado en la lucha por mejorar no solo la educaci\u00f3n sino tambi\u00e9n el bienestar para todos, claro lo novedoso es que a esta lucha se unieron los compa\u00f1eros de la universidades privadas.<\/p>\n<p>En fin, lo que me preocupa es que ahora con el movimiento #YoSoy132 en M\u00e9xico puede que AMLO gan\u00e9 (por de faul) que mucha gente crea que ya estuvo y se pierda la fuerza de entender que el cambio no es arriba, pues AMLO obedecer\u00e1 a los intereses de su partido y las oligarqu\u00edas, tal vez reparta m\u00e1s que los PRIPAN pero vean como les fue a los estudiantes de Guerrero o como continuamente atacan a las comunidades Zapatistas Chiapas \u00a0los paramilitares con apoyo del PRI y del PRD.<\/p>\n<p>Bueno fueron opiniones pol\u00edticas y como voy observando la primavera mexicana a la nor-europea. \u00bfPor qu\u00e9 a la europea? pues porque tardo un rato y ya paresia que no iba a llegar.<\/p>\n<p>Saben lo curioso, es que el movimiento por la paz con justicia y dignidad, donde hay muchos compa\u00f1eros de la otra campa\u00f1a, lograron sentar a la mesa a todos los actores pol\u00edticos y todos fueron , y ah\u00ed fueron rega\u00f1ados y salieron como la cola entre las patas.<\/p>\n<p>Solo en el caso de\u00a0 AMLO el no escucho ya que dijo yo no soy mesi\u00e1nico, pero le dijeron dicen de ti que eres mesi\u00e1nico. \u00a0Luego dijo que recorri\u00f3 todo M\u00e9xico pero los compa\u00f1eros de la otra tambi\u00e9n lo hicieron y tambi\u00e9n los compas del movimiento justicia y dignidad lo hicieron, me dio tristeza que no escuchara y que en lugar de proponer nada m\u00e1s pidi\u00f3 el voto, el cual muchos de nosotros como estrategia para que no regrese el dinosaurio lo haremos, pero no concordamos con el ni tantito.<\/p>\n<p>Seguro ya perd\u00ed a la mitad de ustedes, pero en fin es que han pasado tantas cosas en M\u00e9xico y pa&#8217; los que no viven ah\u00ed les dejo un par de videos de los compas de la otra campa\u00f1a y de Atenco y de quien es pe\u00f1a nieto y el PRI en M\u00e9xico un programa de radio de Olallo Rubio que me precio muy bueno.<\/p>\n<p>Por un mundo donde Kepan muchos mundos<\/p>\n<p>un abrazo y un beso a todos, y ke viva la Esperanza.<\/p>\n<p>alf&#8230;<\/p>\n<p>pd. muchos links no se pierdan este video es parte de la historia que no se cuenta<br \/>\nViva Mexico documental de la vuelta de la otra campa\u00f1a por todo M\u00e9xico:<br \/>\n<a href=\"http:\/\/www.youtube.com\/watch?v=McG_TWDX2o0\" target=\"_blank\">http:\/\/www.youtube.com\/watch?<wbr>v=McG_TWDX2o0<\/wbr><\/a><\/p>\n<p>una canci\u00f3n que viva la esperanza<br \/>\n<a href=\"http:\/\/www.youtube.com\/watch?v=nBDgXrZjmlI\" target=\"_blank\">http:\/\/www.youtube.com\/watch?<wbr>v=nBDgXrZjmlI<\/wbr><\/a><\/p>\n<p>el video de Romper el Cerco difundanlo para recobrar la memoria y recuerden \u00a0quien es pe\u00f1a nieto y toda la clase pol\u00edtica mexicana que reprime al pueblo que se organiza no importa el partido<br \/>\n<a href=\"http:\/\/video.google.com\/videoplay?docid=2911843896738977053\" target=\"_blank\">http:\/\/video.google.com\/<wbr>videoplay?docid=<wbr>2911843896738977053<\/wbr><\/wbr><\/a><\/p>\n<p>y por \u00faltimo un video de Naomi Klein de<br \/>\n<a href=\"http:\/\/www.youtube.com\/watch?v=KLu7aAPhxAk\" target=\"_blank\">http:\/\/www.youtube.com\/watch?<wbr>v=KLu7aAPhxAk<\/wbr><\/a><\/p>\n<p>Y ahoara si lo \u00falitmo el programa de Olallo sobre el PRI<br \/>\n<a href=\"http:\/\/www.youtube.com\/watch?v=ucPqKJhqMSA\" target=\"_blank\">http:\/\/www.youtube.com\/watch?v=ucPqKJhqMSA<\/a><\/p>\n<\/div>\n","protected":false},"excerpt":{"rendered":"<p>\u00a1Hola a todos los que accidentalmente llegaron a esta pagina a este comentario y tambi\u00e9n a los ke no fue accidental! Unas lineas con una esperanza que en realidad nunca se hab\u00eda ido, simplemente sorprendi\u00f3 que en una Universidad privada se despertara, pues uno pensar\u00eda que es en estas donde la competencia y el individualismo [&hellip;]<\/p>\n","protected":false},"author":2,"featured_media":0,"comment_status":"open","ping_status":"open","sticky":false,"template":"","format":"standard","meta":{"footnotes":""},"categories":[10,12],"tags":[16,22,35],"class_list":["post-1763","post","type-post","status-publish","format-standard","hentry","category-opiniones","category-videos-y-musica","tag-atenco","tag-ezln","tag-otro-mundo"],"_links":{"self":[{"href":"https:\/\/tierraylibertad.org\/index.php\/wp-json\/wp\/v2\/posts\/1763","targetHints":{"allow":["GET"]}}],"collection":[{"href":"https:\/\/tierraylibertad.org\/index.php\/wp-json\/wp\/v2\/posts"}],"about":[{"href":"https:\/\/tierraylibertad.org\/index.php\/wp-json\/wp\/v2\/types\/post"}],"author":[{"embeddable":true,"href":"https:\/\/tierraylibertad.org\/index.php\/wp-json\/wp\/v2\/users\/2"}],"replies":[{"embeddable":true,"href":"https:\/\/tierraylibertad.org\/index.php\/wp-json\/wp\/v2\/comments?post=1763"}],"version-history":[{"count":0,"href":"https:\/\/tierraylibertad.org\/index.php\/wp-json\/wp\/v2\/posts\/1763\/revisions"}],"wp:attachment":[{"href":"https:\/\/tierraylibertad.org\/index.php\/wp-json\/wp\/v2\/media?parent=1763"}],"wp:term":[{"taxonomy":"category","embeddable":true,"href":"https:\/\/tierraylibertad.org\/index.php\/wp-json\/wp\/v2\/categories?post=1763"},{"taxonomy":"post_tag","embeddable":true,"href":"https:\/\/tierraylibertad.org\/index.php\/wp-json\/wp\/v2\/tags?post=1763"}],"curies":[{"name":"wp","href":"https:\/\/api.w.org\/{rel}","templated":true}]}}