{"id":1760,"date":"2012-05-24T19:23:50","date_gmt":"2012-05-24T18:23:50","guid":{"rendered":"http:\/\/tierraylibertad.org.w01d42ae.kasserver.com\/?p=1760"},"modified":"2012-05-24T19:23:50","modified_gmt":"2012-05-24T18:23:50","slug":"vorbereitungsseminar-zur-menschenrechtsbeobachtung-in-chiapasmexiko-von-carea-e-v-seminario-preparatorio-para-ser-observador-de-los-derechos-humanos-en-chiapas-mexico","status":"publish","type":"post","link":"https:\/\/tierraylibertad.org\/index.php\/2012\/05\/vorbereitungsseminar-zur-menschenrechtsbeobachtung-in-chiapasmexiko-von-carea-e-v-seminario-preparatorio-para-ser-observador-de-los-derechos-humanos-en-chiapas-mexico\/","title":{"rendered":"Vorbereitungsseminar zur Menschenrechtsbeobachtung in Chiapas\/Mexiko von CAREA e.V. \/ Seminario Preparatorio para ser observador de los derechos Humanos en Chiapas-M\u00e9xico"},"content":{"rendered":"<p>Hallo!<\/p>\n<p>Es gibt noch freie Pl\u00e4tze f\u00fcr das n\u00e4chste <a href=\"https:\/\/tierraylibertad.org\/wp-content\/uploads\/2012\/02\/volar.jpeg\"><img loading=\"lazy\" decoding=\"async\" class=\"alignright size-medium wp-image-1669\" title=\"volar\" src=\"https:\/\/tierraylibertad.org\/wp-content\/uploads\/2012\/02\/volar-200x300.jpg\" alt=\"Me Voy a Volar...\" width=\"200\" height=\"300\" srcset=\"https:\/\/tierraylibertad.org\/wp-content\/uploads\/2012\/02\/volar-200x300.jpg 200w, https:\/\/tierraylibertad.org\/wp-content\/uploads\/2012\/02\/volar-100x150.jpg 100w, https:\/\/tierraylibertad.org\/wp-content\/uploads\/2012\/02\/volar-400x599.jpg 400w, https:\/\/tierraylibertad.org\/wp-content\/uploads\/2012\/02\/volar.jpeg 427w\" sizes=\"auto, (max-width: 200px) 100vw, 200px\" \/><\/a> Wer Lust hatdie Zapatistas und andere soziale Bewegungen in Chiapas mal aus der N\u00e4he kennen zu lernen und sie in ihren K\u00e4mpfen zu unterst\u00fctzen, der\/die kann sich noch anmelden. Unten findet ihr alle weiteren Infos!<\/p>\n<p>Sonnige Tage w\u00fcnscht<br \/>\n\u00a1Alerta! &#8211; Lateinamerika Gruppe D\u00fcsseldorf<\/p>\n<p>***<br \/>\nVorbereitungsseminar zur Menschenrechtsbeobachtung in Chiapas\/Mexiko von CAREA e.V.<br \/>\nVom 07.06. bis 10.06. und vom 28.06. bis 01.07. 2012 findet in der N\u00e4he von Kassel<\/p>\n<p>CAREA e.V. f\u00fchrt Vorbereitungsseminare f\u00fcr den Einsatz als Menschenrechtsbeobachter\/in in Chiapas\/Mexiko durch. Das n\u00e4chste Seminar findet vom 07.06. bis 10.06. und vom 28.06. bis 01.07. 2012 in der N\u00e4he von Kassel statt.<\/p>\n<p>In Vortr\u00e4gen, Arbeitsgruppen und Rollenspielen werden grundlegende Kenntnisse und spezifische Themen vermittelt wie Geschichte und Politik Mexikos, Menschenrechte, aktuelle Situation in Chiapas, Aufgaben von Beobachter\/innen, Verhalten in Konfliktsituationen. Weitere Voraussetzungen f\u00fcr den Einsatz sind neben der Teilnahme an dem zweiteiligen Vorbereitungsseminar u.a. gute Spanischkenntnisse, Teamf\u00e4higkeit, physische und psychische Belastbarkeit, ein Mindestalter von 21 Jahren sowie die Eigenfinanzierung des Aufenthaltes.<\/p>\n<p>Am Seminar k\u00f6nnen auch Leute teilnehmen, die sich noch nicht sicher sind, ob sie als Beobachter\/in nach Chiapas gehen wollen.<\/p>\n<p>Seminarkosten: 140 Euro zzgl. Fahrtkosten zum Seminarort und 10 Euro f\u00fcr den Chiapas-Reader (bestellbar im CAREA-B\u00fcro).<\/p>\n<p>(in Zusammenarbeit mit der Heinrich B\u00f6ll Stiftung)<\/p>\n<p>Weitere Informationen gibt es auf unserer Internetseite<br \/>\noder direkt in unserem B\u00fcro: CAREA e.V. \/\/ Haus der Demokratie und Menschenrechte \/\/ Greifswalder Stra\u00dfe 4 \/\/ 10405 Berlin \/\/ Tel\/Fax: 030\/ 42805666; Mail: info@carea-menschenrechte.de<\/p>\n<p>***<br \/>\n\u00a1Alerta!-Termine Fr\u00fchjahr\/Sommer 2012<\/p>\n<p>2. Juni * Konzert \u2013 Sirte Tirrco \u2013 Kumbia\/Ska\/Punk aus Argentinien<br \/>\n19. Juni * Buch- und Filmvorstellung \u2013 \u201eEl derecho de ser feliz \/ Das Recht gl\u00fccklich zu sein\u201c \u2013 Die zapatistischen Frauen und die Frauen der Welt<br \/>\n20. Juni * Vortrag &#8211; Honduras: Grundrecht auf Land und Wasser &#8211; Der Kampf der indigenen Bev\u00f6lkerung &#8211; mit Berta C\u00e1ceres Flores (Koordinatorin des Rat der indigenen V\u00f6lker von Honduras (COPINH) und bekanntes Sprachrohr der Widerstandsbewegungen gegen den rechts-liberalen Putsch in Honduras) (im Buchladen \u00abBiBaBuZe\u00bb, Aachener Stra\u00dfe 1, D\u00fcsseldorf)<\/p>\n<p>Wenn nicht anders angegeben, ist der Veranstaltungsort: Linkes Zentrum \u201eHinterhof\u201c (Corneliusstr. 108, D\u00fcsseldorf)<\/p>\n","protected":false},"excerpt":{"rendered":"<p>Hallo! Es gibt noch freie Pl\u00e4tze f\u00fcr das n\u00e4chste Wer Lust hatdie Zapatistas und andere soziale Bewegungen in Chiapas mal aus der N\u00e4he kennen zu lernen und sie in ihren K\u00e4mpfen zu unterst\u00fctzen, der\/die kann sich noch anmelden. Unten findet ihr alle weiteren Infos! Sonnige Tage w\u00fcnscht \u00a1Alerta! &#8211; Lateinamerika Gruppe D\u00fcsseldorf *** Vorbereitungsseminar zur [&hellip;]<\/p>\n","protected":false},"author":2,"featured_media":0,"comment_status":"open","ping_status":"open","sticky":false,"template":"","format":"standard","meta":{"footnotes":""},"categories":[7,8],"tags":[],"class_list":["post-1760","post","type-post","status-publish","format-standard","hentry","category-deutschaleman","category-eventos"],"_links":{"self":[{"href":"https:\/\/tierraylibertad.org\/index.php\/wp-json\/wp\/v2\/posts\/1760","targetHints":{"allow":["GET"]}}],"collection":[{"href":"https:\/\/tierraylibertad.org\/index.php\/wp-json\/wp\/v2\/posts"}],"about":[{"href":"https:\/\/tierraylibertad.org\/index.php\/wp-json\/wp\/v2\/types\/post"}],"author":[{"embeddable":true,"href":"https:\/\/tierraylibertad.org\/index.php\/wp-json\/wp\/v2\/users\/2"}],"replies":[{"embeddable":true,"href":"https:\/\/tierraylibertad.org\/index.php\/wp-json\/wp\/v2\/comments?post=1760"}],"version-history":[{"count":0,"href":"https:\/\/tierraylibertad.org\/index.php\/wp-json\/wp\/v2\/posts\/1760\/revisions"}],"wp:attachment":[{"href":"https:\/\/tierraylibertad.org\/index.php\/wp-json\/wp\/v2\/media?parent=1760"}],"wp:term":[{"taxonomy":"category","embeddable":true,"href":"https:\/\/tierraylibertad.org\/index.php\/wp-json\/wp\/v2\/categories?post=1760"},{"taxonomy":"post_tag","embeddable":true,"href":"https:\/\/tierraylibertad.org\/index.php\/wp-json\/wp\/v2\/tags?post=1760"}],"curies":[{"name":"wp","href":"https:\/\/api.w.org\/{rel}","templated":true}]}}