{"id":1618,"date":"2011-11-15T20:30:17","date_gmt":"2011-11-15T19:30:17","guid":{"rendered":"http:\/\/tierraylibertad.org.w01d42ae.kasserver.com\/?p=1618"},"modified":"2011-11-15T20:30:17","modified_gmt":"2011-11-15T19:30:17","slug":"terror-neonazi-y-nadie-sabia-nada","status":"publish","type":"post","link":"https:\/\/tierraylibertad.org\/index.php\/2011\/11\/terror-neonazi-y-nadie-sabia-nada\/","title":{"rendered":"Terror Neonazi&#8230;y \u00bfnadie sabia nada?"},"content":{"rendered":"<figure id=\"attachment_1619\" aria-describedby=\"caption-attachment-1619\" style=\"width: 292px\" class=\"wp-caption alignright\"><a href=\"http:\/\/wordpress.p156327.webspaceconfig.de\/wp-content\/uploads\/2011\/11\/antifa_logo.gif\"><img loading=\"lazy\" decoding=\"async\" class=\"size-full wp-image-1619\" title=\"antifa_logo\" src=\"http:\/\/wordpress.p156327.webspaceconfig.de\/wp-content\/uploads\/2011\/11\/antifa_logo.gif\" alt=\"\" width=\"292\" height=\"292\" srcset=\"https:\/\/tierraylibertad.org\/wp-content\/uploads\/2011\/11\/antifa_logo.gif 292w, https:\/\/tierraylibertad.org\/wp-content\/uploads\/2011\/11\/antifa_logo-150x150.gif 150w\" sizes=\"auto, (max-width: 292px) 100vw, 292px\" \/><\/a><figcaption id=\"caption-attachment-1619\" class=\"wp-caption-text\">Acci\u00f3n Antifascista<\/figcaption><\/figure>\n<p>Ke onditas todos<\/p>\n<p>pues les mando una notita que hice con informaci\u00f3n sobre lo que esta sucediendo en esta \u00faltima semana ac\u00e1.<br \/>\nEs muy muy triste que adem\u00e1s de las armas se esta mostrando la mentira  descarada de este gobierno alem\u00e1n. No es que antes pensara que era  distinto pero ahora es claro.<br \/>\nSab\u00edan de la venta de armas, de los neonazis pero se muestran sorprendidos y dicen no saber nada de nada&#8230;<\/p>\n<p>Alemania, Grupo de Neonazi terrorista es \u00abdescubierto\u00bb por las autoridades alemanas.<br \/>\nEl grupo Nacinalsocialista Clandestino (Nazionalsocialistische  Untergrund) fue descubierto (o dado a conocer al p\u00fablico) el pasado 8 de  noviembre cuando se entreg\u00f3 a las autoridades una integrante de una  celula terrorista del grupo, despu\u00e9s de que su departamento explotara en  la ciudad de Zwickau (ciudad con frontera con Polonia).<br \/>\nEntre los restos de este se encontraron videos y armas donde se muestra  la responsabilidad de los tres habitantes del asesinato de 10 personas  entre 2000 a 2007, de las cuales 9 eran inmigrantes o alemanes hijos de  inmigrantes y una agente de la polic\u00eda, adem\u00e1s del robo de un banco.<br \/>\nDos de los integrantes se encuentran muertos y sus cuerpos fueron  encontrados el 4 de noviembre en una camper en la ciudad e Jena. Las  autoridades han expresado a los medios que ambos se suicidaron el 4 en  la camper. (lo cual parece dudoso, yo siempre en estos casos desconfi\u00f3  de los suicidios y m\u00e1s en los que hay dos personas suicidadas)<br \/>\nEsta c\u00e9lula viv\u00eda con identidad falsa.<\/p>\n<p>El periodico Frankfurt Allgemeiner Zeitung<\/p>\n<p><a href=\"http:\/\/www.faz.net\/aktuell\/politik\/nationalsozialistischer-untergrund-verfassungsschuetzer-womoeglich-in-doener-mord-involviert-11528741.html\">http:\/\/www.faz.net\/aktuell\/politik\/nationalsozialistischer-untergrund-verfassungsschuetzer-womoeglich-in-doener-mord-involviert-11528741.html<\/a><\/p>\n<p>inform\u00f3 que las identidades falsas de estas personas, pasaportes y  tarjetas de identidad fue proporcionado por la Oficina Federal de  Protecci\u00f3n de la Constituci\u00f3n (Bundesamt f\u00fcr Verfassungsschutz)<\/p>\n<p><a href=\"http:\/\/en.wikipedia.org\/wiki\/Federal_Office_for_the_Protection_of_the_Constitution\">http:\/\/en.wikipedia.org\/wiki\/Federal_Office_for_the_Protection_of_the_Constitution<\/a><\/p>\n<p>Dicha oficina se dedica a vigilar y proteger la democracia (parlamentaria alemana), a las  instituciones y la constituci\u00f3n de los grupos de izquierda no  institucional (llamados radicales de izquierda), as\u00ed como a los grupos de fascistas v\u00eda el espionaje y  provocaci\u00f3n.<\/p>\n<p>Con la muerte de estas diez personas suman 147 muertes por neonazis en Alemania en los \u00faltimos 20 a\u00f1os.<\/p>\n<p>Curiosidades: Cuando hay protestas contra las marchas fascistas en  Alemania o anticapitalistas se dan ordenes de cateos a los locales  antifascistas,\u00a0 aut\u00f3nomos-culturales, grupos de solidaridad con  movimientos aut\u00f3nomos en el mundo y\u00a0 anarcosindicalistas.<br \/>\nY pocas veces se escucha que se realicen estos cateos a los fascistas<br \/>\nA esto surgen preguntas:<br \/>\nNo sabian de este grupo antes, pero como \u00bfQu\u00e9 una de las instituciones los apoya?<br \/>\n\u00bfHasta donde esta intituci\u00f3n esta infiltrada por los fachos?<br \/>\n\u00bfPorqu\u00e9 se suicidaron? o m\u00e1s bien \u00bfQui\u00e9n los suicido?<br \/>\n\u00bfC\u00f3mo es que esto sale a la luz en tan solo una semana y la  participaci\u00f3n de esta oficina es publicada en diarios alemanes que de  entrada son corte centro derecha?<\/p>\n<p>Pues esa es la notita que arme para darlo a conocer a los otros que son ustedes est\u00e1n del otro lado del charco.<\/p>\n<p>va ke va pues<\/p>\n<p>un abrazo y besos<\/p>\n<p>Tierra, Agua y Libertad<\/p>\n<p>alf&#8230;.<\/p>\n","protected":false},"excerpt":{"rendered":"<p>Ke onditas todos pues les mando una notita que hice con informaci\u00f3n sobre lo que esta sucediendo en esta \u00faltima semana ac\u00e1. Es muy muy triste que adem\u00e1s de las armas se esta mostrando la mentira descarada de este gobierno alem\u00e1n. No es que antes pensara que era distinto pero ahora es claro. Sab\u00edan de [&hellip;]<\/p>\n","protected":false},"author":2,"featured_media":0,"comment_status":"open","ping_status":"open","sticky":false,"template":"","format":"standard","meta":{"footnotes":""},"categories":[6,10],"tags":[],"class_list":["post-1618","post","type-post","status-publish","format-standard","hentry","category-denuncias-e-informacion","category-opiniones"],"_links":{"self":[{"href":"https:\/\/tierraylibertad.org\/index.php\/wp-json\/wp\/v2\/posts\/1618","targetHints":{"allow":["GET"]}}],"collection":[{"href":"https:\/\/tierraylibertad.org\/index.php\/wp-json\/wp\/v2\/posts"}],"about":[{"href":"https:\/\/tierraylibertad.org\/index.php\/wp-json\/wp\/v2\/types\/post"}],"author":[{"embeddable":true,"href":"https:\/\/tierraylibertad.org\/index.php\/wp-json\/wp\/v2\/users\/2"}],"replies":[{"embeddable":true,"href":"https:\/\/tierraylibertad.org\/index.php\/wp-json\/wp\/v2\/comments?post=1618"}],"version-history":[{"count":0,"href":"https:\/\/tierraylibertad.org\/index.php\/wp-json\/wp\/v2\/posts\/1618\/revisions"}],"wp:attachment":[{"href":"https:\/\/tierraylibertad.org\/index.php\/wp-json\/wp\/v2\/media?parent=1618"}],"wp:term":[{"taxonomy":"category","embeddable":true,"href":"https:\/\/tierraylibertad.org\/index.php\/wp-json\/wp\/v2\/categories?post=1618"},{"taxonomy":"post_tag","embeddable":true,"href":"https:\/\/tierraylibertad.org\/index.php\/wp-json\/wp\/v2\/tags?post=1618"}],"curies":[{"name":"wp","href":"https:\/\/api.w.org\/{rel}","templated":true}]}}