{"id":156,"date":"2009-03-18T00:07:03","date_gmt":"2009-03-17T23:07:03","guid":{"rendered":"http:\/\/tierraylibertad.org.w01d42ae.kasserver.com\/?p=156"},"modified":"2009-03-18T00:07:03","modified_gmt":"2009-03-17T23:07:03","slug":"atenco-presos-politicos-libertad","status":"publish","type":"post","link":"https:\/\/tierraylibertad.org\/index.php\/2009\/03\/atenco-presos-politicos-libertad\/","title":{"rendered":"\u00a1Atenco! Presos Pol\u00edticos Libertad"},"content":{"rendered":"<p>Arriba a penal del Altiplano comisi\u00f3n por la libertad para Atenco; le impiden ver a presos.<\/p>\n<p>Ese es el titulo del articulo de Jornada del d\u00eda de hoy 17 de marzo que trata sobre los presos pol\u00edticos de Atenco.<\/p>\n<p>http:\/\/www.jornada.unam.mx\/2009\/03\/17\/index.php?section=politica&#038;article=010n1pol<\/p>\n<p>El argumento de la directora del penal fue la \u00abAlerta m\u00e1xima para esos detenidos\u00bb.<\/p>\n<p>Tienen raz\u00f3n la alerta m\u00e1xima esta dada, pues ellos van a salir y saben que ellos autoridades corren el peligro de entrar en el penal como presos, pues ellos si son asesinos, ellos si son violadores y ellos si son criminales, a eso es a lo que le tienen miedo las autoridades. Es una verg\u00fcenza que nuestros compa\u00f1eros se encuentren presos despu\u00e9s de que se ha demostrado que se violaron los derechos humanos de todos los detenidos por el gobierno federal y estatal, adem\u00e1s de violar y abusar a m\u00e1s de 22 compa\u00f1eras sin que nadie de estas personas haya tenido consecuencias. As\u00ed de torcida esta la ley, pero eso ya lo sab\u00edamos, antes ya no los hab\u00edan dicho los Hermanos Flores Mag\u00f3n.<br \/>\nNo hay forma de estar en la legalidad de ellos, pues el luchar por un mundo mejor siempre se encontrara uno fuera de la ley, siempre sera uno ilegal, dec\u00edan, y lo extra\u00f1o ahora es que apesar que los compa\u00f1eros no cometieron delito alguno, no violaron a nadie, no vendieron algo que no les pertenec\u00eda, ni mataron a nadie como lo hizo las autoridades como mataron a Alexis y a Javier, sin embargo nadie de ellos se encuentra preso. En cambio nuestros compa\u00f1eros si lo est\u00e1n y sin permiso de visita por parte de la carabana que pide su liberaci\u00f3n.<br \/>\nClaro que para el penal debe estar en Alerta m\u00e1xima pues nuestros compa\u00f1eros ya es insostenible mantenerlos presos pues son presos pol\u00edticos, son el trofeo que el Estado Federal y el de M\u00e9xico tienen, es la venganza por ser gente con dignidad que defiende sus tierras y su forma de vida y se solidarizan, por eso es la alerta m\u00e1xima, pues afuera tambi\u00e9n estamos solidarizados con nuestros compa\u00f1eros adentro y los vamos a sacar.<br \/>\nLos compa\u00f1eros ser\u00e1n liberados pues no hay muros que detengan la verdad ni a la Humanidad digna, valiente y luchadora.<br \/>\nPor eso gritaremos a los muchos vientos y seguiremos las acciones para su pronta liberaci\u00f3n.<\/p>\n<p>\u00a1Presos Pol\u00edticos Libertad!<\/p>\n<p>alf&#8230;<\/p>\n","protected":false},"excerpt":{"rendered":"<p>Arriba a penal del Altiplano comisi\u00f3n por la libertad para Atenco; le impiden ver a presos. Ese es el titulo del articulo de Jornada del d\u00eda de hoy 17 de marzo que trata sobre los presos pol\u00edticos de Atenco. http:\/\/www.jornada.unam.mx\/2009\/03\/17\/index.php?section=politica&#038;article=010n1pol El argumento de la directora del penal fue la \u00abAlerta m\u00e1xima para esos detenidos\u00bb. Tienen [&hellip;]<\/p>\n","protected":false},"author":2,"featured_media":0,"comment_status":"open","ping_status":"open","sticky":false,"template":"","format":"standard","meta":{"footnotes":""},"categories":[10],"tags":[16],"class_list":["post-156","post","type-post","status-publish","format-standard","hentry","category-opiniones","tag-atenco"],"_links":{"self":[{"href":"https:\/\/tierraylibertad.org\/index.php\/wp-json\/wp\/v2\/posts\/156","targetHints":{"allow":["GET"]}}],"collection":[{"href":"https:\/\/tierraylibertad.org\/index.php\/wp-json\/wp\/v2\/posts"}],"about":[{"href":"https:\/\/tierraylibertad.org\/index.php\/wp-json\/wp\/v2\/types\/post"}],"author":[{"embeddable":true,"href":"https:\/\/tierraylibertad.org\/index.php\/wp-json\/wp\/v2\/users\/2"}],"replies":[{"embeddable":true,"href":"https:\/\/tierraylibertad.org\/index.php\/wp-json\/wp\/v2\/comments?post=156"}],"version-history":[{"count":0,"href":"https:\/\/tierraylibertad.org\/index.php\/wp-json\/wp\/v2\/posts\/156\/revisions"}],"wp:attachment":[{"href":"https:\/\/tierraylibertad.org\/index.php\/wp-json\/wp\/v2\/media?parent=156"}],"wp:term":[{"taxonomy":"category","embeddable":true,"href":"https:\/\/tierraylibertad.org\/index.php\/wp-json\/wp\/v2\/categories?post=156"},{"taxonomy":"post_tag","embeddable":true,"href":"https:\/\/tierraylibertad.org\/index.php\/wp-json\/wp\/v2\/tags?post=156"}],"curies":[{"name":"wp","href":"https:\/\/api.w.org\/{rel}","templated":true}]}}