{"id":1521,"date":"2011-06-10T13:33:00","date_gmt":"2011-06-10T12:33:00","guid":{"rendered":"http:\/\/tierraylibertad.org.w01d42ae.kasserver.com\/?p=1521"},"modified":"2011-06-10T13:33:00","modified_gmt":"2011-06-10T12:33:00","slug":"posicionamiento-de-la-campana-nacional-contra-la-desaparicion-forzada-ante-el-punto-1-exigimos-verdad-y-justicia-propuesto-por-javier-sicilia","status":"publish","type":"post","link":"https:\/\/tierraylibertad.org\/index.php\/2011\/06\/posicionamiento-de-la-campana-nacional-contra-la-desaparicion-forzada-ante-el-punto-1-exigimos-verdad-y-justicia-propuesto-por-javier-sicilia\/","title":{"rendered":"Posicionamiento de la CAMPA\u00d1A NACIONAL CONTRA LA DESAPARICI\u00d3N FORZADA ante el punto 1 (Exigimos verdad y justicia) propuesto por Javier Sicilia"},"content":{"rendered":"<p><a href=\"http:\/\/wordpress.p156327.webspaceconfig.de\/wp-content\/uploads\/2011\/05\/nomas1.jpg\"><img loading=\"lazy\" decoding=\"async\" class=\"alignright size-medium wp-image-1489\" title=\"nomas1\" src=\"http:\/\/wordpress.p156327.webspaceconfig.de\/wp-content\/uploads\/2011\/05\/nomas1-291x300.jpg\" alt=\"\" width=\"291\" height=\"300\" srcset=\"https:\/\/tierraylibertad.org\/wp-content\/uploads\/2011\/05\/nomas1-291x300.jpg 291w, https:\/\/tierraylibertad.org\/wp-content\/uploads\/2011\/05\/nomas1-996x1024.jpg 996w, https:\/\/tierraylibertad.org\/wp-content\/uploads\/2011\/05\/nomas1.jpg 1287w\" sizes=\"auto, (max-width: 291px) 100vw, 291px\" \/><\/a><\/p>\n<div dir=\"ltr\">\n<p>10-junio-2011<\/p>\n<p><strong>A Javier Sicilia<\/strong><\/p>\n<p><strong>A la Caravana del Movimiento por la           Paz con Justicia y Dignidad<\/strong><\/p>\n<p><strong>A la Comunidad Nacional e           Internacional<\/strong><\/p>\n<p><strong>A las v\u00edctimas de desaparici\u00f3n           forzada<\/strong><\/p>\n<p><strong>A la mesa que abordar\u00e1 punto 1           (Exigimos verdad y justicia)<\/strong><\/p>\n<p>Las organizaciones que formamos parte de la <strong>Campa\u00f1a           Nacional Contra la Desaparici\u00f3n Forzada<\/strong><a name=\"130779784d508f32__ftnref1\"><strong>[<\/strong>1]<\/a> creemos         necesario compartir nuestro punto de vista respecto al punto 1         (Exigimos verdad y justicia) del Pacto que se discutir\u00e1 en         Ciudad Ju\u00e1rez, a su vez que abonamos al di\u00e1logo que se dar\u00e1 en         dicha ciudad.<\/p>\n<p>M\u00e9xico se encuentra en un proceso de         militarizaci\u00f3n institucional y de la vida social. La pol\u00edtica de         seguridad del gobierno federal ha incrementado la ola de         violencia que vive el pa\u00eds y est\u00e1 documentado por organizaciones         de derechos humanos que, a mayor presencia de los militares en         labores de seguridad p\u00fablica, mayores son las violaciones a los         derechos humanos, entre ellas, la desaparici\u00f3n forzada.<\/p>\n<p>Precisamente una de las causas de las         desapariciones forzadas en M\u00e9xico es la militarizaci\u00f3n y la         paramilitarizaci\u00f3n que, desde el gobierno federal, se ha         impulsado, de manera alarmante, como parte de la pol\u00edtica de         seguridad del gobierno federal, sobre todo, a partir del 2006.<\/p>\n<p>En este contexto de violencia gubernamental y         de la llamada \u201cguerra contra el narcotr\u00e1fico\u201d se han         multiplicado los casos de tortura, detenciones ilegales,         ejecuciones extrajudiciales y desapariciones forzadas de         personas por parte del Ej\u00e9rcito, polic\u00edas y grupos         paramilitares.<\/p>\n<p>Como Campa\u00f1a Nacional Contra la desaparici\u00f3n         Forzada hemos realizado un <a rel=\"external\" href=\"http:\/\/espora.org\/comitecerezo\/spip.php?article879\" target=\"_blank\">informe sobre la desaparici\u00f3n           forzada en M\u00e9xico 2011<\/a>, el cual fue entregado al Grupo de         Trabajo sobre Desapariciones Forzadas o Involuntarias de la ONU         al iniciar su visita a M\u00e9xico en marzo de este a\u00f1o. El Informe         contiene un diagn\u00f3stico de la situaci\u00f3n actual y las principales         exigencias al Estado mexicano para que abandone la pol\u00edtica de         desaparici\u00f3n forzada y pueda garantizar medidas concretas y         eficaces de protecci\u00f3n, derecho a la verdad, justicia y         reparaci\u00f3n integral del da\u00f1o a las v\u00edctimas de este delito.<\/p>\n<p>Enviamos lo que consideramos abona a la         discusi\u00f3n del punto 1 (Exigimos verdad y justicia), en el tema         espec\u00edfico de la desaparici\u00f3n forzada.<\/p>\n<p><strong>Situaci\u00f3n actual<\/strong><\/p>\n<p><strong>M\u00e9xico carece de un marco normativo           adecuado para proteger a las personas de las desapariciones           forzadas<\/strong>. El <strong>tipo penal<\/strong> del delito         de desaparici\u00f3n forzada s\u00f3lo se encuentra tipificado en 8         estados de la rep\u00fablica y no se apega a lo que establece la         Convenci\u00f3n Internacional para la Protecci\u00f3n de todas las         Personas contra la Desaparici\u00f3n Forzadaque entr\u00f3 en vigor el 23         de diciembre del 2010 y de la cual M\u00e9xico forma parte<strong>. <\/strong><\/p>\n<p><strong>El recurso de amparo, que deber\u00eda ser           el recurso judicial id\u00f3neo para la protecci\u00f3n de las personas           contra la desaparici\u00f3n forzada resulta inefectivo<\/strong>debido         a que entre los requisitos de interposici\u00f3n y ratificaci\u00f3n del         juicio se encuentra la presentaci\u00f3n personal de la v\u00edctima y la         especificaci\u00f3n de su paradero.<\/p>\n<p>Las posibilidades de las personas de recurrir         a instancias internacionales, como el <strong>Comit\u00e9 contra la           Desaparici\u00f3n Forzada de la ONU<\/strong>, se ven frustradas         ante la <strong>negativa del Estado mexicano de reconocer su           competencia<\/strong>.<\/p>\n<p><strong>Existe 100% de impunidad en los casos           de desaparici\u00f3n forzada<\/strong>, actualmente, no hay ning\u00fan         funcionario del gobierno de ning\u00fan nivel que haya sido         enjuiciado y sentenciado por el delito de desaparici\u00f3n forzada.<\/p>\n<p>En su tortuoso camino en busca de justicia,         muchas personas han pasado d\u00e9cadas sometidas a la impunidad y la         revictimizaci\u00f3n, como ocurre con casos que han sido llevados         ante instancias internacionales, como el del se\u00f1or <strong>Rosendo           Radilla Pacheco<\/strong>, desaparecido en 1974, cuya <strong>Sentencia<\/strong> condenatoria contra el Estado mexicano por parte de la Corte IDH         ha sido <strong>incumplida <\/strong>a m\u00e1s de un a\u00f1o de su         publicaci\u00f3n.<\/p>\n<p>Todo lo anterior ha provocado la <strong>denegaci\u00f3n           sistem\u00e1tica de los derechos a la verdad, la justicia y la           reparaci\u00f3n del da\u00f1o de las v\u00edctimas de desaparici\u00f3n forzada<\/strong> tanto en el per\u00edodo hist\u00f3rico de la llamada \u201cguerra sucia\u201d, como         en la actual pol\u00edtica de <strong>militarizaci\u00f3n y           paramilitarizaci\u00f3n<\/strong> implementada por el actual titular         del Poder Ejecutivo, con el consecuente <strong>incremento de           las desapariciones de personas<\/strong>.<\/p>\n<p>Al respecto, cabe se\u00f1alar que, actualmente,         cualquier persona se encuentra en riesgo de ser v\u00edctima de         desaparici\u00f3n forzada. Algunos de los <strong>grupos m\u00e1s           vulnerables a esta situaci\u00f3n<\/strong> son los j\u00f3venes, las <strong>defensoras           y los defensores de derechos humanos<\/strong>,         particularmente, los que se ocupan de casos de personas         desaparecidas y de la lucha contra la militarizaci\u00f3n y la         paramilitarizaci\u00f3n, <strong>periodistas<\/strong>, <strong>mujeres, <\/strong>militantes de organizaciones disidentes y personas que         viven en <strong>contextos afectados por la llamada \u201cguerra           contra la delincuencia organizada\u201d<\/strong>.<\/p>\n<h3>Como <strong>CAMPA\u00d1A           NACIONAL CONTRA LA DESAPARICI\u00d3N FORZADA est\u00e1s son nuestras           exigencias al gobierno Federal<\/strong><\/h3>\n<p><strong>1. El marco normativo mexicano en           materia de desaparici\u00f3n forzada de personas: <\/strong><\/p>\n<p><strong>1.- Que el Estado adecue \u2013con plena           participaci\u00f3n de la sociedad civil \u2013el marco jur\u00eddico interno<\/strong>,         incluyendo la promulgaci\u00f3n de una <strong>Ley General contra la           Desaparici\u00f3n Forzada de Personas<\/strong>, a fin de que se         garanticen la prevenci\u00f3n, sanci\u00f3n y erradicaci\u00f3n de la pr\u00e1ctica         de la desaparici\u00f3n forzada de personas y contemple, as\u00ed mismo,         medidas concretas y eficaces de protecci\u00f3n, derecho a la verdad,         justicia y reparaci\u00f3n integral del da\u00f1o a las v\u00edctimas de este         delito, incluyendo a las v\u00edctimas indirectas;<\/p>\n<p><strong>2.- Que se reforme el art\u00edculo 215 del           C\u00f3digo Penal Federal<\/strong>para armonizar el tipo penal         federal de desaparici\u00f3n forzada de personas a los m\u00e1s altos         est\u00e1ndares internacionales en la materia;<\/p>\n<p><strong>3.- Que se reformen los art\u00edculos 17 y           117 de la Ley de Amparo <\/strong>para que el Estado garantice         a toda persona la disponibilidad de un recurso judicial efectivo         de protecci\u00f3n y acceso a la justicia en casos de desaparici\u00f3n         forzada;<\/p>\n<p><strong>4.- Que se reforme el art\u00edculo 57 del           C\u00f3digo de Justicia Militar para armonizarlo con lo dispuesto           por el art\u00edculo 13 constitucional y los est\u00e1ndares           internacionales en la materia, <\/strong>lo cual deber\u00e1         incluir la prohibici\u00f3n expresa de la extensi\u00f3n de la         jurisdicci\u00f3n militar respecto de todos aquellos delitos que         constituyan una violaci\u00f3n a los derechos humanos reconocidos         internacionalmente, as\u00ed como la exclusi\u00f3n de la jurisdicci\u00f3n         militar en todo caso en el que se hallen involucrados civiles,         independientemente de que tengan car\u00e1cter de sujetos pasivos o         activos.<\/p>\n<h3><strong>2.           El contexto hist\u00f3rico de la desaparici\u00f3n forzada en M\u00e9xico:<\/strong><\/h3>\n<p>Que el Estado asuma sus obligaciones en         materia de investigaci\u00f3n de los hechos, sanci\u00f3n de los         responsables y reparaci\u00f3n integral del da\u00f1o para las v\u00edctimas de         desapariciones forzadas\u00a0y otras violaciones graves de los         derechos humanos durante el per\u00edodo llamado \u201cguerra sucia\u201d,         adoptando medidas simb\u00f3licas, jur\u00eddicas, econ\u00f3micas y pol\u00edticas         para garantizar la satisfacci\u00f3n de las expectativas de justicia         transicional en el pa\u00eds y el combate a la impunidad.<\/p>\n<h3><strong>3.           El contexto actual de la desaparici\u00f3n forzada en M\u00e9xico:<\/strong><\/h3>\n<p><strong>1.- Que el Estado mexicano cumpla con           sus obligaciones en materia de investigaci\u00f3n, persecuci\u00f3n y           sanci\u00f3n de casos de desaparici\u00f3n forzada de cualquier persona           a fin de combatir efectivamente la impunidad que priva en           estos casos;<\/strong><\/p>\n<p><strong>2.- Que el Estado mexicano cumpla con           sus obligaciones en materia de investigaci\u00f3n, persecuci\u00f3n y           sanci\u00f3n de casos de desaparici\u00f3n forzada de las defensoras y           defensores de derechos humanos, as\u00ed como las amenazas,           hostigamiento y ataques contra defensoras y defensores de           personas desaparecidas, a fin de combatir efectivamente la           impunidad que priva en estos casos;<\/strong><\/p>\n<p><strong>3.- <\/strong><strong>Que se           establezca un protocolo de investigaci\u00f3n, documentaci\u00f3n y           cooperaci\u00f3n de car\u00e1cter urgente que d\u00e9 respuesta inmediata a           los casos de personas reportadas como desaparecidas<\/strong>,         que contemple la coadyuvancia de los familiares y sus         organizaciones en los casos necesarios<\/p>\n<p><strong>4<\/strong><strong>.- Que el Estado           mexicano establezca un registro p\u00fablico nacional de personas           desaparecidas forzadas \u2013 <\/strong>cuyo dise\u00f1o, implementaci\u00f3n         y seguimiento cuente con la participaci\u00f3n de la sociedad civil         \u2013,a fin de que no se sustraiga de sus obligaciones y se cuente         con un control estad\u00edstico y transparencia sobre esta situaci\u00f3n;<\/p>\n<p><strong>5.- Que el Estado mexicano implemente           una instancia especializada encargada de realizar la b\u00fasqueda           de personas desaparecidas, as\u00ed como de un \u00f3rgano independiente           e imparcial que permita resguardar y proteger las muestras de           ADN de aquellos familiares que otorguen su consentimiento al           respecto, a fin de crear un banco de ADN que sea \u00fatil para la           b\u00fasqueda y registro de los casos de desaparici\u00f3n forzada.<\/strong><\/p>\n<p><strong>6.- Que se establezcan protocolos de           actuaci\u00f3n m\u00e1s efectivos en materia de investigaci\u00f3n de los           hechos y persecuci\u00f3n de los responsables de este delito;<\/strong><\/p>\n<p><strong>7.- Que el Estado mexicano destine           mayores recursos a la capacitaci\u00f3n y contrataci\u00f3n de personal           calificado, as\u00ed como recursos y herramientas especializados           para la investigaci\u00f3n de casos de desaparici\u00f3n forzada de           personas y establezca un fondo de contingencia social para las           familias que queden en el desamparo;<\/strong><\/p>\n<p><strong> 8.- Que se sancione efectivamente y en    la jurisdicci\u00f3n ordinaria a los elementos de las Fuerzas           Armadas involucrados en casos de desaparici\u00f3n forzada en el           actual contexto de militarizaci\u00f3n de la seguridad p\u00fablica;<\/strong><\/p>\n<p><strong>9.- Que el Estado mexicano reconozca a           la brevedad la competencia del Comit\u00e9 contra la Desaparici\u00f3n           Forzada de la ONU, contemplado en el art\u00edculo 26 de la           Convenci\u00f3n Internacional para la Protecci\u00f3n de todas las           Personas Contra la Desaparici\u00f3n Forzada CIPPDF, a fin de           reforzar el entramado de protecci\u00f3n internacional de los           derechos humanos de toda persona en caso de desaparici\u00f3n           forzada. <\/strong><\/p>\n<p><strong>4. El caso paradigm\u00e1tico del se\u00f1or           Rosendo Radilla y el estado de cumplimiento de la Sentencia de           la Corte Interamericana de Derechos Humanos respecto de este: <\/strong><\/p>\n<p><strong>Que se cumplimenten de manera           puntual, integral y sin demora todos y cada uno de los puntos           resolutivos de las sentencias internacionales en que se           condena a M\u00e9xico por violaciones probadas de los derechos           humanos, sin que ninguno de los Poderes de la Uni\u00f3n ni de las           entidades federativas se sustraiga del acatamiento de sus           respectivas obligaciones internacionales.<\/strong><\/p>\n<p><strong>Por \u00faltimo, proponemos a quienes           participen en el punto 1 (Exigimos verdad y justicia) incluir,           en el documento final que resulte de la discusi\u00f3n en Ciudad           Ju\u00e1rez, en un espacio espec\u00edfico, el tema de la desaparici\u00f3n           forzada y que se tomen en cuenta las propuestas planteadas en           este documento as\u00ed como otras propuestas que se presenten. <\/strong><\/p>\n<p><strong>Consideramos que nuestros           desaparecidos pueden estar a\u00fan vivos y mediante esta lucha           podr\u00edan ser rescatados y reintegrados a sus espacios y           familias, tambi\u00e9n creemos necesario hacer valer el derecho a           la verdad en \u00e9ste tema, que los familiares de las v\u00edctimas de           la desaparici\u00f3n forzada y la sociedad en su conjunto, conozcan           de los hechos, el destino de las v\u00edctimas y, en su caso,           puedan reclamar el resarcimiento integral del da\u00f1o y el           castigo a los culpables.<\/strong><\/p>\n<p><strong>Por la presentaci\u00f3n con vida de los           desaparecidos.<\/strong><\/p>\n<p><strong>Juicio y Castigo a los responsables.<\/strong><\/p>\n<p><strong>FIRMAS<\/strong><\/p>\n<p>Comisi\u00f3n Mexicana de Defensa y Promoci\u00f3n de         los Derechos Humanos, A.C. (CMDPDH), <a href=\"http:\/\/www.comitecerezo.org\/\" target=\"_blank\">Comit\u00e9           Cerezo M\u00e9xico<\/a>, <a rel=\"external\" href=\"http:\/\/www.espora.org\/desaparecidos\/\" target=\"_blank\">Comit\u00e9 de Familiares de Detenidos-Desaparecidos           \u201cHasta Encontrarlos\u201d<\/a>, Comit\u00e9 Monse\u00f1or Romero, Federaci\u00f3n         Latinoamericana de Asociaciones de Familiares de         Detenidos-Desaparecidos (FEDEFAM), Nacidos en la Tempestad A.C,         Comit\u00e9 de Familiares y Amigos de Secuestrados, Desaparecidos y         Asesinados en Guerrero, Taller de Desarrollo Comunitario A.C.,<a rel=\"external\" href=\"http:\/\/acuddeh.org\/\" target=\"_blank\">Acci\u00f3n           Urgente para Defensores de los Derechos Humanos AC<\/a>,\u00a0Organizaci\u00f3n          de Pueblos Ind\u00edgenas Zapotecos A.C., Komite Internazionalistak,         Centro de Justicia para la Paz y el Desarrollo AC (CEPAD) de         Jalisco,\u00a0Movimiento Campesino Regional Independiente         Coordinadora Nacional Plan de Ayala Movimiento Nacional (MOCRI-         CNPA- MN), Izquierda Democr\u00e1tica Popular, Comunidades Eclesiales         de Base Derechos Humanos de M\u00e9xico, Brigada Callejera de Apoyo a         la Mujer \u00abElisa Mart\u00ednez\u00bb , Agencia de Noticias Independiente         Noti-Calle, Uni\u00f3n Campesina Democr\u00e1tica Tlaxcala Sss, Red         Magisterial\u00a0Popular Chiapas-M\u00e9xico, Frente Popular \u00abRicardo         Flores Mag\u00f3n\u00bb Ixtapa,Chiapas,M\u00e9xico, Frente Nacional de Lucha         por el Socialismo (FNLS), Frente Democr\u00e1tico Oriental de M\u00e9xico         Emiliano Zapata (FEDOMEZ), Movimiento Democr\u00e1tico de la Huasteca         Veracruzana A.C, Uni\u00f3n de Mujeres de las Huastecas \u00abHumberta         Hern\u00e1ndez Tovar\u00bb, Organizaci\u00f3n Campesina Ind\u00edgena Popular         (OCIP-RFM), Timocepanotoke Noche Altepeme Macehualme, \u201cUni\u00f3n de         Todos los Pueblos Pobres\u00ab(TINAM), La Federaci\u00f3n De Militares         Retirados\u00bbGral. Francisco J. Mugica\u00bb, Red de Defensa de los         Derechos Humanos, Uni\u00f3n popular Revolucionaria Emiliano Zapata         UPREZ-Benito Ju\u00e1rez (MUP-FNAMUP), Frente del Pueblo en la Otra         Campa\u00f1a (MUP-FNAMUP),\u00a0Preparatoria Popular Tacuba (MUP-FNAMUP),         Movimiento de Unificaci\u00f3n y Lucha Triqui (MUP-FNAMUP),         Zelzin\u00a0Yoazihuatl A.C.\u00a0(MUP-FNAMUP),\u00a0Uni\u00f3n Popular         Revolucionaria Emiliano Zapata-Centro\u00a0(MUP-FNAMUP),\u00a0Colectivo         \u201cRosario Castellanos\u201d\u00a0(MUP-FNAMUP),\u00a0Mercado Chinampac de         Ju\u00e1rez\u00a0(MUP-FNAMUP),Consejo de Barrios La         Raza\u00a0(MUP-FNAMUP),\u00a0Siervos de la Naci\u00f3n\u00a0(MUP-FNAMUP), Frentes         Torres X\u00a0(MUP-FNAMUP), Uni\u00f3n de Colonias Populares\u00a0(MUP-FNAMUP),         Frente de Solicitantes de Vivienda\u00a0(MUP-FNAMUP), Sociedad         Cooperativa, Trabajo, Esfuerzo y Realidad (MUP-FNAMUP).<\/p>\n<p>42 Firmas<\/p>\n<div>\n<hr size=\"1\" \/>\n<div>\n<p><a name=\"130779784d508f32__ftn1\">[1]<\/a><strong>La Campa\u00f1a               Nacional Contra la Desaparici\u00f3n Forzada<\/strong> es una             iniciativa de familiares de v\u00edctimas de desaparici\u00f3n             forzada, organizaciones de derechos humanos, sociales y             personas solidarias que, ante el incremento de casos de             desapariciones forzadas en M\u00e9xico, se propone realizar             actividades conjuntas, teniendo como objetivo com\u00fan el             lograr la presentaci\u00f3n con vida de todos los             detenidos-desaparecidos del pa\u00eds, as\u00ed como el castigo a los             responsables intelectuales y materiales de est\u00e1 grave             violaci\u00f3n a los derechos humanos.<strong>La Campa\u00f1a Nacional               Contra la Desaparici\u00f3n Forzada<\/strong> surge el 30 de             agosto del 2010 y est\u00e1 conformada por 58 organizaciones             nacionales y 13 organizaciones internacionales. Entre sus             logros est\u00e1 la elaboraci\u00f3n del <a href=\"http:\/\/espora.org\/desaparecidos\/spip.php?article129\" target=\"_blank\">Manual: \u00bfQu\u00e9 hacer en caso de desaparici\u00f3n               forzada?<\/a>, <a href=\"http:\/\/espora.org\/desaparecidos\/spip.php?article206\" target=\"_blank\">El Informe sobre desaparici\u00f3n forzada en               M\u00e9xico 2011<\/a> y dos Encuentros Nacionales de familiares             y organizaciones v\u00edctimas de desaparici\u00f3n forzada, agosto             del 2010 y mayo del 2011, adem\u00e1s de marchas, m\u00edtines y foros             en 8 estados de la rep\u00fablica. Del 2005 al 2011 se tiene             documentados 30 casos de desaparici\u00f3n forzada de luchadores             sociales en diferentes estados del pa\u00eds,\u00a023 ciudadanos en             Guerrero y una cifra en prensa de hasta 3000 desapariciones             forzadas en el contexto de la militarizaci\u00f3n y             paramilitarizaci\u00f3n del pa\u00eds.<\/p>\n<\/div>\n<\/div>\n<\/div>\n<p><span style=\"color: #888888;\"> <\/span><\/p>\n<div>&#8212;<\/div>\n","protected":false},"excerpt":{"rendered":"<p>10-junio-2011 A Javier Sicilia A la Caravana del Movimiento por la Paz con Justicia y Dignidad A la Comunidad Nacional e Internacional A las v\u00edctimas de desaparici\u00f3n forzada A la mesa que abordar\u00e1 punto 1 (Exigimos verdad y justicia) Las organizaciones que formamos parte de la Campa\u00f1a Nacional Contra la Desaparici\u00f3n Forzada[1] creemos necesario compartir [&hellip;]<\/p>\n","protected":false},"author":2,"featured_media":0,"comment_status":"open","ping_status":"open","sticky":false,"template":"","format":"standard","meta":{"footnotes":""},"categories":[3,6],"tags":[],"class_list":["post-1521","post","type-post","status-publish","format-standard","hentry","category-caravana-derechos-humanos","category-denuncias-e-informacion"],"_links":{"self":[{"href":"https:\/\/tierraylibertad.org\/index.php\/wp-json\/wp\/v2\/posts\/1521","targetHints":{"allow":["GET"]}}],"collection":[{"href":"https:\/\/tierraylibertad.org\/index.php\/wp-json\/wp\/v2\/posts"}],"about":[{"href":"https:\/\/tierraylibertad.org\/index.php\/wp-json\/wp\/v2\/types\/post"}],"author":[{"embeddable":true,"href":"https:\/\/tierraylibertad.org\/index.php\/wp-json\/wp\/v2\/users\/2"}],"replies":[{"embeddable":true,"href":"https:\/\/tierraylibertad.org\/index.php\/wp-json\/wp\/v2\/comments?post=1521"}],"version-history":[{"count":0,"href":"https:\/\/tierraylibertad.org\/index.php\/wp-json\/wp\/v2\/posts\/1521\/revisions"}],"wp:attachment":[{"href":"https:\/\/tierraylibertad.org\/index.php\/wp-json\/wp\/v2\/media?parent=1521"}],"wp:term":[{"taxonomy":"category","embeddable":true,"href":"https:\/\/tierraylibertad.org\/index.php\/wp-json\/wp\/v2\/categories?post=1521"},{"taxonomy":"post_tag","embeddable":true,"href":"https:\/\/tierraylibertad.org\/index.php\/wp-json\/wp\/v2\/tags?post=1521"}],"curies":[{"name":"wp","href":"https:\/\/api.w.org\/{rel}","templated":true}]}}