{"id":1515,"date":"2011-06-10T13:28:57","date_gmt":"2011-06-10T12:28:57","guid":{"rendered":"http:\/\/tierraylibertad.org.w01d42ae.kasserver.com\/?p=1515"},"modified":"2011-06-10T13:28:57","modified_gmt":"2011-06-10T12:28:57","slug":"10-de-junio-40-anos-despues-se-sigue-clamando-justicia","status":"publish","type":"post","link":"https:\/\/tierraylibertad.org\/index.php\/2011\/06\/10-de-junio-40-anos-despues-se-sigue-clamando-justicia\/","title":{"rendered":"10 de junio, 40 a\u00f1os despu\u00e9s se sigue clamando justicia"},"content":{"rendered":"<p><strong>A todas las organizaciones, colectivos estudiantiles, personas solidarias y pueblo en general:<\/strong><a href=\"http:\/\/wordpress.p156327.webspaceconfig.de\/wp-content\/uploads\/2011\/06\/cartel10jun2011.jpg\"><img loading=\"lazy\" decoding=\"async\" class=\"alignright size-medium wp-image-1516\" title=\"cartel10jun2011\" src=\"http:\/\/wordpress.p156327.webspaceconfig.de\/wp-content\/uploads\/2011\/06\/cartel10jun2011-300x224.jpg\" alt=\"\" width=\"300\" height=\"224\" srcset=\"https:\/\/tierraylibertad.org\/wp-content\/uploads\/2011\/06\/cartel10jun2011-300x224.jpg 300w, https:\/\/tierraylibertad.org\/wp-content\/uploads\/2011\/06\/cartel10jun2011-400x300.jpg 400w, https:\/\/tierraylibertad.org\/wp-content\/uploads\/2011\/06\/cartel10jun2011.jpg 630w\" sizes=\"auto, (max-width: 300px) 100vw, 300px\" \/><\/a><\/p>\n<p>Asiste a la marcha del 40 aniversario del \u00abhalconazo\u00bb del 10 de junio de 1971.<\/p>\n<p>Viernes 10 de junio 16:00 del Casco de Santo Tom\u00e1s (Escuela de ciencias Biol\u00f3gicas) &#8211; DGESPI &#8211; Relaciones Exteriores &#8211; Z\u00f3calo capitalino de la Ciudad de M\u00e9xico.<\/p>\n<p>Bajo los siguientes ejes:<\/p>\n<p><strong>\u00a1Juicio y castigo a los responsables de la matanza del 10 de junio de 1971!<\/strong><\/p>\n<p><strong>\u00a1Por la desmilitarizaci\u00f3n del pa\u00eds, apoyo a la Caravana por la Paz con Justicia y Dignidad!<\/strong><\/p>\n<p><strong>\u00a1Alto a al guerra contra el pueblo!<\/strong><\/p>\n<p><strong>\u00a1Contra la militarizaci\u00f3n y paramilitarizaci\u00f3n de la vida social!<\/strong><\/p>\n<p><strong>\u00a1Presentaci\u00f3n con vida de los desaparecidos!<\/strong><\/p>\n<p><strong>\u00a1Alto a las ejecuciones extrajudiciales!<\/strong><\/p>\n<p><strong>\u00a1Libertad a los presos pol\u00edticos!<\/strong><\/p>\n<p><strong>\u00a1No a la criminalizaci\u00f3n de al protesta social!<\/strong><\/p>\n<p><strong>\u00a1No a la reforma laboral!<\/strong><\/p>\n<p>Convocan: Comit\u00e9 68, Comit\u00e9 Cerezo M\u00e9xico, FECSM, CEP, CLE-VOCAS, Brigada Estudiantil Multidisciplinaria, Grupo Acci\u00f3n Revolucionaria-GAR, LTS-ContraCorriente, CEM<a href=\"http:\/\/wordpress.p156327.webspaceconfig.de\/wp-content\/uploads\/2011\/06\/cartel10jun2011.jpg\"><img loading=\"lazy\" decoding=\"async\" class=\"aligncenter size-full wp-image-1516\" title=\"cartel10jun2011\" src=\"http:\/\/wordpress.p156327.webspaceconfig.de\/wp-content\/uploads\/2011\/06\/cartel10jun2011.jpg\" alt=\"\" width=\"630\" height=\"472\" srcset=\"https:\/\/tierraylibertad.org\/wp-content\/uploads\/2011\/06\/cartel10jun2011.jpg 630w, https:\/\/tierraylibertad.org\/wp-content\/uploads\/2011\/06\/cartel10jun2011-300x224.jpg 300w, https:\/\/tierraylibertad.org\/wp-content\/uploads\/2011\/06\/cartel10jun2011-400x300.jpg 400w\" sizes=\"auto, (max-width: 630px) 100vw, 630px\" \/><\/a><\/p>\n","protected":false},"excerpt":{"rendered":"<p>A todas las organizaciones, colectivos estudiantiles, personas solidarias y pueblo en general: Asiste a la marcha del 40 aniversario del \u00abhalconazo\u00bb del 10 de junio de 1971. Viernes 10 de junio 16:00 del Casco de Santo Tom\u00e1s (Escuela de ciencias Biol\u00f3gicas) &#8211; DGESPI &#8211; Relaciones Exteriores &#8211; Z\u00f3calo capitalino de la Ciudad de M\u00e9xico. Bajo [&hellip;]<\/p>\n","protected":false},"author":2,"featured_media":0,"comment_status":"open","ping_status":"open","sticky":false,"template":"","format":"standard","meta":{"footnotes":""},"categories":[10],"tags":[],"class_list":["post-1515","post","type-post","status-publish","format-standard","hentry","category-opiniones"],"_links":{"self":[{"href":"https:\/\/tierraylibertad.org\/index.php\/wp-json\/wp\/v2\/posts\/1515","targetHints":{"allow":["GET"]}}],"collection":[{"href":"https:\/\/tierraylibertad.org\/index.php\/wp-json\/wp\/v2\/posts"}],"about":[{"href":"https:\/\/tierraylibertad.org\/index.php\/wp-json\/wp\/v2\/types\/post"}],"author":[{"embeddable":true,"href":"https:\/\/tierraylibertad.org\/index.php\/wp-json\/wp\/v2\/users\/2"}],"replies":[{"embeddable":true,"href":"https:\/\/tierraylibertad.org\/index.php\/wp-json\/wp\/v2\/comments?post=1515"}],"version-history":[{"count":0,"href":"https:\/\/tierraylibertad.org\/index.php\/wp-json\/wp\/v2\/posts\/1515\/revisions"}],"wp:attachment":[{"href":"https:\/\/tierraylibertad.org\/index.php\/wp-json\/wp\/v2\/media?parent=1515"}],"wp:term":[{"taxonomy":"category","embeddable":true,"href":"https:\/\/tierraylibertad.org\/index.php\/wp-json\/wp\/v2\/categories?post=1515"},{"taxonomy":"post_tag","embeddable":true,"href":"https:\/\/tierraylibertad.org\/index.php\/wp-json\/wp\/v2\/tags?post=1515"}],"curies":[{"name":"wp","href":"https:\/\/api.w.org\/{rel}","templated":true}]}}