{"id":1419,"date":"2011-03-04T08:36:22","date_gmt":"2011-03-04T07:36:22","guid":{"rendered":"http:\/\/tierraylibertad.org.w01d42ae.kasserver.com\/?p=1419"},"modified":"2011-03-04T08:36:22","modified_gmt":"2011-03-04T07:36:22","slug":"solidaridad-con-radio-nomndaa-firmas-antes-de-las-12am-del-5-de-marzo","status":"publish","type":"post","link":"https:\/\/tierraylibertad.org\/index.php\/2011\/03\/solidaridad-con-radio-nomndaa-firmas-antes-de-las-12am-del-5-de-marzo\/","title":{"rendered":"Solidaridad con Radio \u00d1omndaa (Firmas antes de las 12am del 5 de Marzo)"},"content":{"rendered":"<p><strong><\/p>\n<figure id=\"attachment_1422\" aria-describedby=\"caption-attachment-1422\" style=\"width: 387px\" class=\"wp-caption aligncenter\"><strong><a href=\"http:\/\/wordpress.p156327.webspaceconfig.de\/wp-content\/uploads\/2011\/03\/radio-\u00f1omdaa.jpg\"><img loading=\"lazy\" decoding=\"async\" class=\"size-full wp-image-1422\" title=\"radio-\u00f1omdaa\" src=\"http:\/\/wordpress.p156327.webspaceconfig.de\/wp-content\/uploads\/2011\/03\/radio-\u00f1omdaa.jpg\" alt=\"RAdio Libre\" width=\"387\" height=\"200\" srcset=\"https:\/\/tierraylibertad.org\/wp-content\/uploads\/2011\/03\/radio-\u00f1omdaa.jpg 387w, https:\/\/tierraylibertad.org\/wp-content\/uploads\/2011\/03\/radio-\u00f1omdaa-300x155.jpg 300w\" sizes=\"auto, (max-width: 387px) 100vw, 387px\" \/><\/a><\/strong><figcaption id=\"caption-attachment-1422\" class=\"wp-caption-text\">RAdio Libre<\/figcaption><\/figure>\n<p>Estimados compa\u00f1eros, amigos y personas         solidarias:<\/strong><\/p>\n<p>A         iniciativa de la Organizaci\u00f3n de Derechos Humanos de la Monta\u00f1a         \u00abTlachinollan\u00bb, les solicitamos de manera urgente su firma en         apoyo al caso de los compa\u00f1eros de la Radio \u00d1omndaa.<\/p>\n<p>Como             es de tu conocimiento, el pasado 21 de febrero, se llev\u00f3 a cabo         la audiencia de vista en el caso de los compa\u00f1eros \u00a0Genaro Cruz         Ap\u00f3stol, Silverio Mat\u00edas Dom\u00ednguez y<a href=\"http:\/\/www.vientodelibertad.org\/spip.php?article1740\" target=\"_blank\"> David Valtierra Arango<\/a>, integrantes de la Radio         comunitaria \u00d1omndaa, en seguimiento al recurso de revisi\u00f3n que         se present\u00f3 en el 2010, despu\u00e9s de que se les emiti\u00f3 sentencia         condenatoria de 3 a\u00f1os y 2 meses de c\u00e1rcel y el pago de una         multa de mil 753 pesos por el delito de privaci\u00f3n de la         libertad.<\/p>\n<p><small><big><big><big><strong>Favor                          de mandar sus firmas antes de la 12:00 del                       mediod\u00eda del s\u00e1bado 05 de marzo<\/strong><\/big><\/big><\/big><br \/>\n<\/small><br \/>\nSi            est\u00e1s de acuerdo con la carta como persona u organizaci\u00f3n         m\u00e1ndanos tu<big><big><strong> firma<\/strong><\/big><\/big>:<big><strong> <big>(nombre\/pa\u00eds)<\/big><\/strong> <\/big>para ser entregada al Juez <big><big><strong>o<\/strong><\/big><\/big> imprime, firma y env\u00edala por fax al (01)747-472-2137<\/p>\n<p>Por su solidaridad con los compa\u00f1eros de Radio \u00d1omndaa<br \/>\nMil gracias<br \/>\nComit\u00e9 Cerezo M\u00e9xico<\/p>\n<hr size=\"2\" \/><big><big><strong>Texto de la carta<\/strong><\/big><\/big><small><\/small><br \/>\n<small><strong>07 de             febrero de 2011<\/strong><\/small><\/p>\n<p><small><strong>Toca             Penal: I-88\/2011<\/strong><\/small><\/p>\n<p><small><strong>MC.             EDMUNDO ROM\u00c1N PINZ\u00d3N<\/strong><\/small><\/p>\n<p><small><strong>PRESIDENTE                DEL TRIBUNAL SUPERIOR DE JUSTICIA DEL ESTADO DE GUERRERO<\/strong><\/small><\/p>\n<p><small><strong>PRESENTE<\/strong><\/small><\/p>\n<p><small>Las organizaciones y personas, abajo firmantes,           dedicadas a la defensa y promoci\u00f3n de los derechos humanos,           queremos hacer de su conocimiento nuestro inter\u00e9s respecto a           la revisi\u00f3n de la decisi\u00f3n de la Causa Penal 110-III\/2004 por           privaci\u00f3n de la libertad, decidida en contra de <strong>Genaro               Cruz Ap\u00f3stol, Silverio Mat\u00edas Dom\u00ednguez y <a href=\"http:\/\/www.vientodelibertad.org\/spip.php?article1740\" target=\"_blank\">David Valtierra                  Arango<\/a><\/strong>, que en los pr\u00f3ximos d\u00edas el Tribunal           Superior de Justicia del Estado de Guerrero, con sede en           Chilpancingo deber\u00e1 de realizar.<\/small><\/p>\n<p><small>Tenemos conocimiento que <strong>despu\u00e9s de             seis a\u00f1os de proceso<\/strong>, el 10 de septiembre de 2010, el           Juzgado de Primera Instancia del Ramo Penal con sede en           Ometepec, <strong>emiti\u00f3 sentencia condenatoria de 3 a\u00f1os             y 2 meses de c\u00e1rcel y el pago de una multa de mil 753 pesos             en contra de los defensores de derechos humanos<\/strong>. Dicha           resoluci\u00f3n a cargo del Juez Derly Arnado Alderete Cruz, de la           Instancia del Ramo de lo Penal con sede en Ometepec,           perteneciente al Distrito de Abasolo, presenta diversas           irregularidades. Por ejemplo, el Juez no valor\u00f3 que el           supuesto agraviado, el Sr. Narciso Garc\u00eda Valtierra en su           declaraci\u00f3n, que constata en las diligencias, declar\u00f3 no           conocer a los acusados y que no fue privado de su libertad.<\/small><\/p>\n<p><small>Por lo anterior, el 27 de septiembre de 2010 <strong>Genaro Cruz Ap\u00f3stol, Silverio Mat\u00edas Dom\u00ednguez y             David Valtierra<\/strong>, presentaron el recurso de apelaci\u00f3n en           contra de la sentencia. El recurso fue admitido y \u00a0la fecha fijada para desahogar la audiencia           de vista, que se llev\u00f3 a cabo el pasado 21 de febrero de 2011           en la cual se ofrecieron los agravios que cometi\u00f3 el Juez al           emitir su sentencia. <\/small><\/p>\n<p><small><strong>Silverio                Mat\u00edas Dom\u00ednguez y David Valtierra Arango<\/strong>, son defensores de derechos humanos del Pueblo           Nanncue \u00d1omndaa en Suljaa\u2019 (Xochistlahuaca) e integrantes de           la <strong>Radio Comunitaria <em>\u00d1omndaa<\/em><\/strong>.           Asimismo, Genaro Cruz Ap\u00f3stol, fungi\u00f3 como comisariado ejidal           de Xochistlahuaca. La labor de ambos defensores, ha sido y           resulta fundamental en la regi\u00f3n, as\u00ed como el trabajo que           realizan a favor de su pueblo, raz\u00f3n por la cual su proceso           ser\u00e1 seguido por la comunidad internacional. <\/small><\/p>\n<p><small>Es por todo lo anterior, que le pedimos atentamente           que analice el caso a detalle, dentro de los par\u00e1metros de           tiempo marcados en la ley y en estricto apego a Derecho,           incluyendo los Tratados Internacionales competentes.           Agradeciendo de antemano su pronta atenci\u00f3n ante estos hechos,           quedamos a la espera de su pronto respuesta. <\/small><\/p>\n<p><small><strong>Atentamente<\/strong><\/small><\/p>\n<p><small><strong>Organizaciones:<\/strong><\/small><\/p>\n<p><small>1.\u00a0\u00a0\u00a0 Comit\u00e9 Cerezo M\u00e9xico<\/small><\/p>\n<p><small>2.\u00a0\u00a0\u00a0 \u2026<\/small><\/p>\n<p><small><strong>Personas:<\/strong><\/small>\ufeff<\/p>\n","protected":false},"excerpt":{"rendered":"<p>Estimados compa\u00f1eros, amigos y personas solidarias: A iniciativa de la Organizaci\u00f3n de Derechos Humanos de la Monta\u00f1a \u00abTlachinollan\u00bb, les solicitamos de manera urgente su firma en apoyo al caso de los compa\u00f1eros de la Radio \u00d1omndaa. Como es de tu conocimiento, el pasado 21 de febrero, se llev\u00f3 a cabo la audiencia de vista en [&hellip;]<\/p>\n","protected":false},"author":2,"featured_media":0,"comment_status":"open","ping_status":"open","sticky":false,"template":"","format":"standard","meta":{"footnotes":""},"categories":[6],"tags":[],"class_list":["post-1419","post","type-post","status-publish","format-standard","hentry","category-denuncias-e-informacion"],"_links":{"self":[{"href":"https:\/\/tierraylibertad.org\/index.php\/wp-json\/wp\/v2\/posts\/1419","targetHints":{"allow":["GET"]}}],"collection":[{"href":"https:\/\/tierraylibertad.org\/index.php\/wp-json\/wp\/v2\/posts"}],"about":[{"href":"https:\/\/tierraylibertad.org\/index.php\/wp-json\/wp\/v2\/types\/post"}],"author":[{"embeddable":true,"href":"https:\/\/tierraylibertad.org\/index.php\/wp-json\/wp\/v2\/users\/2"}],"replies":[{"embeddable":true,"href":"https:\/\/tierraylibertad.org\/index.php\/wp-json\/wp\/v2\/comments?post=1419"}],"version-history":[{"count":0,"href":"https:\/\/tierraylibertad.org\/index.php\/wp-json\/wp\/v2\/posts\/1419\/revisions"}],"wp:attachment":[{"href":"https:\/\/tierraylibertad.org\/index.php\/wp-json\/wp\/v2\/media?parent=1419"}],"wp:term":[{"taxonomy":"category","embeddable":true,"href":"https:\/\/tierraylibertad.org\/index.php\/wp-json\/wp\/v2\/categories?post=1419"},{"taxonomy":"post_tag","embeddable":true,"href":"https:\/\/tierraylibertad.org\/index.php\/wp-json\/wp\/v2\/tags?post=1419"}],"curies":[{"name":"wp","href":"https:\/\/api.w.org\/{rel}","templated":true}]}}