{"id":1326,"date":"2010-11-07T16:46:22","date_gmt":"2010-11-07T15:46:22","guid":{"rendered":"http:\/\/tierraylibertad.org.w01d42ae.kasserver.com\/?p=1326"},"modified":"2013-12-21T20:13:48","modified_gmt":"2013-12-21T19:13:48","slug":"los-medios-nos-mienten-por-eso-on-ne-lachera-rien-on-ne-lachera-rien","status":"publish","type":"post","link":"https:\/\/tierraylibertad.org\/index.php\/2010\/11\/los-medios-nos-mienten-por-eso-on-ne-lachera-rien-on-ne-lachera-rien\/","title":{"rendered":"Los medios nos mienten por eso, on ne lachera rien! on ne lachera rien!"},"content":{"rendered":"<p><em>on ne lachera rien<\/em>. <em>on ne lachera rien<\/em>. <em>on ne lachera rien<\/em>. <em>on ne lachera rien<\/em>. <em>on ne lachera rien<\/em>. <em>on ne lachera rien<\/em>. <em>on ne lachera rien<\/em>.<\/p>\n<p><em>on ne lachera rien<\/em>. <em>on ne lachera rien<\/em>. <em>on ne lachera rien<\/em>. <em>on ne lachera rien<\/em>. <em>on ne lachera rien<\/em>. <em>on ne lachera rien<\/em>. <em>on ne lachera rien<\/em>.<\/p>\n<p>Hola a todos<\/p>\n<p>No lo vamos a soltar, o no nos vamos a dejar\u00a0 o no nos estamos dejando o tal vez una traducci\u00f3n grande es estamos luchando y estamos todos juntos.<\/p>\n<p>Me parece que eso es lo que quieren decir los franceses ahora que est\u00e1n en la calle y que en todo Francia son millones y que a pesar de eso el imperio del Estado no esta dispuesto a ceder.<\/p>\n<p>Los medios nos han mentido pues hablan en Alemania de que los franceses luchan por que su jubilaci\u00f3n no se cambi\u00e9 de los 60 a los 62, para que los alemanes digan:<br \/>\npinches franceses huevones nosotros tenemos que trabajar hasta los 67.<\/p>\n<p>Pero a\u00fan si fuera verdad eso nadie en Alemania levanta la voz en solidaridad con los trabajadores franceses, por la injusticia que esto implica y nadie se levanta a luchar por lograr la jubilaci\u00f3n a los 62 y no a los 67.<\/p>\n<p>Extra\u00f1o el mundo ese en el que sobrevivimos&#8230;<\/p>\n<p>Mas despu\u00e9s de buscar tantito, Zacarracatelas&#8230;la jubilaci\u00f3n de los franceses es y siempre ha sido a los 65 y ahora ellos luchan por mantenerla ah\u00ed y no a los 67 como el gobierno Franc\u00e9s ya impuso.<\/p>\n<p>\u00bfy entonces por que me dicen que es a los 62?<\/p>\n<p>Nos est\u00e1n mintiendo, es mentira todo lo que no est\u00e1n comunicando. A los 60 a\u00f1os uno puede pedir su jubilaci\u00f3n y eso implica que se le da una jubilaci\u00f3n mucho menor que a los 65 en Francia (y as\u00ed era en Alemania que cambi\u00f3 a los 62, tambi\u00e9n)<\/p>\n<p>Es la misma trampa que se aplico ac\u00e1 y es escalonada por Estados para que la gente no luche ni se organice, para que Europa no luche como pueblo unido todo y para escalonar las luchas y controlar.<\/p>\n<p>Pero los franceses en las calles en la huelga nos est\u00e1n dando una demostraci\u00f3n de como se lucha y los medios en Alemania una demostraci\u00f3n de como nos mienten y son controlados por los Estados, y hace 20 a\u00f1os dijeron que ya eran libres los alemanes. jajajaja<\/p>\n<p>Pues mi plena solidaridad con los franceses que luchan y con ellos har\u00e9 la protesta ac\u00e1 a\u00fanque esta sea peque\u00f1a pero hay que romper el cerco.<\/p>\n<p>y repito:<\/p>\n<p><em>on ne lachera rien<\/em>. <em>on ne lachera rien<\/em>. <em>on ne lachera rien<\/em>. <em>on ne lachera rien<\/em>. <em>on ne lachera rien<\/em>. <em>on ne lachera rien<\/em>. <em>on ne lachera rien<\/em>. <em>on ne lachera rien<\/em>.<br \/>\n<em>on ne lachera rien<\/em>. <em>on ne lachera rien<\/em>. <em>on ne lachera rien<\/em>. <em>on ne lachera rien<\/em>. <em>on ne lachera rien<\/em>. <em>on ne lachera rien<\/em>. <em>on ne lachera rien<\/em>. <em>on ne lachera rien<\/em>.<\/p>\n<p>\u00a1Tierra, Agua y Libertad!<\/p>\n<p>Desde las monta\u00f1as de Oeste alem\u00e1n<\/p>\n<p>alf-redo&#8230;mil-puertas<\/p>\n<p>pd y si me fucilo al sup y si y ke&#8230;.<\/p>\n","protected":false},"excerpt":{"rendered":"<p>on ne lachera rien. on ne lachera rien. on ne lachera rien. on ne lachera rien. on ne lachera rien. on ne lachera rien. on ne lachera rien. on ne lachera rien. on ne lachera rien. on ne lachera rien. on ne lachera rien. on ne lachera rien. on ne lachera rien. on ne lachera [&hellip;]<\/p>\n","protected":false},"author":2,"featured_media":0,"comment_status":"open","ping_status":"open","sticky":false,"template":"","format":"standard","meta":{"footnotes":""},"categories":[6,10],"tags":[33,35,40],"class_list":["post-1326","post","type-post","status-publish","format-standard","hentry","category-denuncias-e-informacion","category-opiniones","tag-on-ne-lachera-rien","tag-otro-mundo","tag-solidaridad"],"_links":{"self":[{"href":"https:\/\/tierraylibertad.org\/index.php\/wp-json\/wp\/v2\/posts\/1326","targetHints":{"allow":["GET"]}}],"collection":[{"href":"https:\/\/tierraylibertad.org\/index.php\/wp-json\/wp\/v2\/posts"}],"about":[{"href":"https:\/\/tierraylibertad.org\/index.php\/wp-json\/wp\/v2\/types\/post"}],"author":[{"embeddable":true,"href":"https:\/\/tierraylibertad.org\/index.php\/wp-json\/wp\/v2\/users\/2"}],"replies":[{"embeddable":true,"href":"https:\/\/tierraylibertad.org\/index.php\/wp-json\/wp\/v2\/comments?post=1326"}],"version-history":[{"count":0,"href":"https:\/\/tierraylibertad.org\/index.php\/wp-json\/wp\/v2\/posts\/1326\/revisions"}],"wp:attachment":[{"href":"https:\/\/tierraylibertad.org\/index.php\/wp-json\/wp\/v2\/media?parent=1326"}],"wp:term":[{"taxonomy":"category","embeddable":true,"href":"https:\/\/tierraylibertad.org\/index.php\/wp-json\/wp\/v2\/categories?post=1326"},{"taxonomy":"post_tag","embeddable":true,"href":"https:\/\/tierraylibertad.org\/index.php\/wp-json\/wp\/v2\/tags?post=1326"}],"curies":[{"name":"wp","href":"https:\/\/api.w.org\/{rel}","templated":true}]}}