{"id":1298,"date":"2010-10-07T10:56:13","date_gmt":"2010-10-07T09:56:13","guid":{"rendered":"http:\/\/tierraylibertad.org.w01d42ae.kasserver.com\/?p=1298"},"modified":"2010-10-07T10:56:13","modified_gmt":"2010-10-07T09:56:13","slug":"dos-de-octubre-de-1968-no-se-olvida","status":"publish","type":"post","link":"https:\/\/tierraylibertad.org\/index.php\/2010\/10\/dos-de-octubre-de-1968-no-se-olvida\/","title":{"rendered":"Dos de Octubre de 1968 \u00a1No se olvida!"},"content":{"rendered":"<p style=\"text-align: right;\">4 de octubre de 2010<\/p>\n<p>\u00a1Zaz! que dijeron<\/p>\n<p>Dos de Octubre no se olvida&#8230;.<br \/>\npero si ya es cuatro y \u00bfque paso?<\/p>\n<figure id=\"attachment_957\" aria-describedby=\"caption-attachment-957\" style=\"width: 201px\" class=\"wp-caption alignright\"><a href=\"http:\/\/wordpress.p156327.webspaceconfig.de\/wp-content\/uploads\/2009\/10\/paloma.jpg\"><img loading=\"lazy\" decoding=\"async\" class=\"size-medium wp-image-957\" title=\"paloma\" src=\"http:\/\/wordpress.p156327.webspaceconfig.de\/wp-content\/uploads\/2009\/10\/paloma-201x300.jpg\" alt=\"\" width=\"201\" height=\"300\" srcset=\"https:\/\/tierraylibertad.org\/wp-content\/uploads\/2009\/10\/paloma-201x300.jpg 201w, https:\/\/tierraylibertad.org\/wp-content\/uploads\/2009\/10\/paloma.jpg 350w\" sizes=\"auto, (max-width: 201px) 100vw, 201px\" \/><\/a><figcaption id=\"caption-attachment-957\" class=\"wp-caption-text\">2 de octubre 1968<\/figcaption><\/figure>\n<p>pues paso, que no se nos olvido.<\/p>\n<p>\u00bfy por qu\u00e9 dos d\u00edas despu\u00e9s se escribe que no, que no se olvida?<\/p>\n<p>Pues, porque el recordar es largo y uno se puede recordarlo durante  varios d\u00edas. Adem\u00e1s si se vale cambiar el horario por unas horas dando  la hora \u00aboficial\u00bb \u00bfPor qu\u00e9 no recordar el dos de octubre el cuatro de  octubre?<\/p>\n<p>Bueno la neta es que no se me olvido pero no tenia uno de estos  aparatitos a mi alcance para escribirles y hacer notar que no se me  olvido.<\/p>\n<p>La curiosidad de este festejo es\u00a0 que se junto con los  100 a\u00f1os de la UNAM, (lo cual tambi\u00e9n se me hizo chistoso, pues a seg\u00fan  hace un tiempo que la UNAM tenia 450 a\u00f1os, mmm, ah ya se de ser UNAM y  no Pontificia, bueno siempre se tienen que celebrar algo ante la falta  de algo m\u00e1s)<br \/>\nAh de verdad estaba en otra cosa, pues con lo de la celebraci\u00f3n de los  100 a\u00f1os hasta el Fe-Cal se acord\u00f3 de la matanza estudiantil y dijo que  eso no se debe repetir en la Universidad.<br \/>\nAja, como uste&#8217; diga\u00a0  JEFE-Cal, se tiene que repetir a nivel nacional y no solo hay que  encerrar estudiantes y matarlos, osease que les quitamos la exclusividad  de hace 42 a\u00f1os tenia, lo hacemos democratico para todos. (al final la  muerte es democr\u00e1tica, jala con todos parejo, en el resultado final, sin  importar como la pasaste en vida, me parece que as\u00ed lo esta pensando\u00a0  JEFE-Cal)<\/p>\n<p>(nota: insisto no importa como se llame el represor el Pueblo se  encuentra entre el fuego cruzado de los Narcos y el Estado, pues la  guerra es contra la gente; el pueblo; y la idea es hacer que la gente tenga miedo  con una base solida que es la muerte, para paralizar cualquier tipo de  protesta y lucha y mejora del pueblo para el pueblo, pues la l\u00f3gica de  la orligarquia (sin que esta exista en papel ni en razonamiento) es yo  primero y primero mi seguridad y los dem\u00e1s que se chinguen)<\/p>\n<p>Ahora no solo esta tomada y amedrentada la Ciudad Universitaria,  sino tambi\u00e9n, Ciudad Ju\u00e1rez, Monterrey, San Juan Copala, Michoac\u00e1n,  Atenco, Oaxaca, LyF (desaparecida) y los Caracoles etc&#8230; Todo M\u00e9xico ya  tiene la misma dosis de Autoritarismo, militarismo y criminalidad de  Muerte que hacer 42 a\u00f1os los estudiantes vivieron y murieron.<\/p>\n<p>El JEFE-Cal por eso condeno los sucesos del 68 en M\u00e9xico, pues solo fue a nivel estudiantil, ahora si se mejor.<\/p>\n<p>Pero  a NOSOTROS (que linda palabra, \u00bfno les parece?, es el nos+otros donde  estamos todos juntos Nosotros, ya participaba Durruti en ese gran grupo  NOSOTROS en la d\u00e9cada de los 30) no olvidamos y si recordamos a los  nuestros como cada a\u00f1o y como cada d\u00eda que pasa ya que para muchos forma  parte de nuestra memoria colectiva.<\/p>\n<p>Ya ven un par de d\u00edas tarde escribo esto y sale un chorte, pues no se me olvida.<\/p>\n<p>Bueno  y pa&#8217; que no digan que que ondas s\u00f3lo puro choro pol\u00edtico de cosas que  nos haz repetido hasta el cansancio cada a\u00f1o y ya saben el a\u00f1o pr\u00f3ximo  lo volver\u00e9 a hacer y todo el a\u00f1os, le pensaremos como seguir pensando  escribiendo e inventando formas de hacer este mundo m\u00e1s ameno y vivible  para todos, ya que nadie lo va a hacer por NOSOTROS, solamente NOSOTROS  podemos hacerlo.<\/p>\n<p>Pues s\u00ed, no se me olvido y salio largo<\/p>\n<p>y quien llegue como siempre hasta ac\u00e1 abajo<\/p>\n<p>muchos saludos y abrazos<\/p>\n<p>y a quien no pues no se enterara pero tambi\u00e9n<\/p>\n<p>muchos saludos y abrazos.<br \/>\nalf&#8230;<\/p>\n<p>p.d. Salieron muchos par\u00e9ntesis pero en fin as\u00ed pasa cuando sucede.<\/p>\n","protected":false},"excerpt":{"rendered":"<p>4 de octubre de 2010 \u00a1Zaz! que dijeron Dos de Octubre no se olvida&#8230;. pero si ya es cuatro y \u00bfque paso? pues paso, que no se nos olvido. \u00bfy por qu\u00e9 dos d\u00edas despu\u00e9s se escribe que no, que no se olvida? Pues, porque el recordar es largo y uno se puede recordarlo durante [&hellip;]<\/p>\n","protected":false},"author":2,"featured_media":0,"comment_status":"open","ping_status":"open","sticky":false,"template":"","format":"standard","meta":{"footnotes":""},"categories":[10],"tags":[35,40],"class_list":["post-1298","post","type-post","status-publish","format-standard","hentry","category-opiniones","tag-otro-mundo","tag-solidaridad"],"_links":{"self":[{"href":"https:\/\/tierraylibertad.org\/index.php\/wp-json\/wp\/v2\/posts\/1298","targetHints":{"allow":["GET"]}}],"collection":[{"href":"https:\/\/tierraylibertad.org\/index.php\/wp-json\/wp\/v2\/posts"}],"about":[{"href":"https:\/\/tierraylibertad.org\/index.php\/wp-json\/wp\/v2\/types\/post"}],"author":[{"embeddable":true,"href":"https:\/\/tierraylibertad.org\/index.php\/wp-json\/wp\/v2\/users\/2"}],"replies":[{"embeddable":true,"href":"https:\/\/tierraylibertad.org\/index.php\/wp-json\/wp\/v2\/comments?post=1298"}],"version-history":[{"count":0,"href":"https:\/\/tierraylibertad.org\/index.php\/wp-json\/wp\/v2\/posts\/1298\/revisions"}],"wp:attachment":[{"href":"https:\/\/tierraylibertad.org\/index.php\/wp-json\/wp\/v2\/media?parent=1298"}],"wp:term":[{"taxonomy":"category","embeddable":true,"href":"https:\/\/tierraylibertad.org\/index.php\/wp-json\/wp\/v2\/categories?post=1298"},{"taxonomy":"post_tag","embeddable":true,"href":"https:\/\/tierraylibertad.org\/index.php\/wp-json\/wp\/v2\/tags?post=1298"}],"curies":[{"name":"wp","href":"https:\/\/api.w.org\/{rel}","templated":true}]}}