{"id":1275,"date":"2010-09-30T07:19:15","date_gmt":"2010-09-30T06:19:15","guid":{"rendered":"http:\/\/tierraylibertad.org.w01d42ae.kasserver.com\/?p=1275"},"modified":"2013-12-21T20:12:36","modified_gmt":"2013-12-21T19:12:36","slug":"solidaridad-con-el-pueblo-mapuche","status":"publish","type":"post","link":"https:\/\/tierraylibertad.org\/index.php\/2010\/09\/solidaridad-con-el-pueblo-mapuche\/","title":{"rendered":"Solidaridad con el Pueblo Mapuche"},"content":{"rendered":"<figure id=\"attachment_1276\" aria-describedby=\"caption-attachment-1276\" style=\"width: 300px\" class=\"wp-caption aligncenter\"><a href=\"http:\/\/wordpress.p156327.webspaceconfig.de\/wp-content\/uploads\/2010\/09\/800px-Flag_of_the_Mapuches.svg_.png\"><img loading=\"lazy\" decoding=\"async\" class=\"size-medium wp-image-1276 \" title=\"800px-Flag_of_the_Mapuches.svg\" alt=\"\" src=\"http:\/\/wordpress.p156327.webspaceconfig.de\/wp-content\/uploads\/2010\/09\/800px-Flag_of_the_Mapuches.svg_-300x199.png\" width=\"300\" height=\"199\" srcset=\"https:\/\/tierraylibertad.org\/wp-content\/uploads\/2010\/09\/800px-Flag_of_the_Mapuches.svg_-300x199.png 300w, https:\/\/tierraylibertad.org\/wp-content\/uploads\/2010\/09\/800px-Flag_of_the_Mapuches.svg_-450x300.png 450w, https:\/\/tierraylibertad.org\/wp-content\/uploads\/2010\/09\/800px-Flag_of_the_Mapuches.svg_.png 800w\" sizes=\"auto, (max-width: 300px) 100vw, 300px\" \/><\/a><figcaption id=\"caption-attachment-1276\" class=\"wp-caption-text\">Mapuche<\/figcaption><\/figure>\n<p>Despu\u00e9s de la gran lucha por la liberaci\u00f3n de los presos de Atenco, donde todav\u00eda no se hace justicia contra las violaciones ni los dos muertos, volvemos a levantar la voz por los presos pol\u00edticos Mapuches en Chile.<\/p>\n<p>Chile tiene un Estado que se dice democr\u00e1tico. \u00bfy la autonom\u00eda de los pueblos originarios, d\u00f3nde esta?<\/p>\n<p>En Chile\u00a0 su aparato Estatal se dice que la dictadura ya paso. \u00bfy c\u00f3mo fue que Pinochet muri\u00f3 y no hubo justicia para sus v\u00edctimas?<\/p>\n<p>En Chile\u00a0 el Estado y la Oligarqu\u00eda se congratulan de su bienestar. \u00bfY el bienestar del Pueblo y en particular del Pueblo Mapuche, donde se encuentra?<\/p>\n<p>En Chile el Estado y las trasnacionales se benefician del crecimiento econ\u00f3mico. \u00bfY el Pueblo? \u00bfY el Pueblo Mapuche?<\/p>\n<p>El Pueblo Mapuche ha sido durante siglos despojado de sus tierras por el Estado y las trasnacionales, explotados y en el momento que luchan por recuparar lo que les pertenece y por su autodeterminaci\u00f3n\u00a0 son criminalizados y encarcelados.<\/p>\n<p>Por lo que nos unimos nuevamente al grito de \u00a1Presos Pol\u00edticos Libertad!<\/p>\n<p>\u00a1Tierra, Agua y Libertad!<\/p>\n<p>alf&#8230;<\/p>\n<p><strong>Ahora una informaci\u00f3n urgente que tomo de <a href=\"www.kaosenlared.net\">www.kaosenlared.net<\/a><\/strong><\/p>\n<div id=\"titulo\">\n<h5><strong>Urgente: Grave estado de salud de Presos Pol\u00edticos Mapuche de c\u00e1rcel de Angol<\/strong><\/h5>\n<h6>Victor Llanquileo: \u00abEl gobierno quiere nuestra muerte para sentarse: la tendr\u00e1. A estas alturas la asumimos como algo inevitable\u00bb<\/h6>\n<h6><a href=\"http:\/\/www.kaosenlared.net\/buscar\/autor\/Pa%C3%ADs+Mapuche\"> <strong>Pa\u00eds Mapuche<\/strong><\/a> | Para Kaos en la Red | 29-9-2010 a las 20:02 |<\/h6>\n<h6><a href=\"http:\/\/www.kaosenlared.net\/noticia\/urgente-grave-estado-salud-presos-politicos-mapuche-carcel-angol\">www.kaosenlared.net\/noticia\/urgente-grave-estado-salud-presos-politicos-mapuche-carcel-angol<\/a><\/h6>\n<\/div>\n<p>La situaci\u00f3n de los Presos Pol\u00edticos Mapuche en huelga de hambre por 79 d\u00edas recluidos en Angol se agrava cada ves mas informaciones recientes nos indican que el d\u00eda de ayer martes 28 estuvo en muy mal estado Fernando Millacheo y Jose Queipul produci\u00e9ndose desmayos por mas de 5 horas donde no fueron atendidos por gendarmer\u00eda, a eso sumamos la situaci\u00f3n de Victor Llanquileo que tambi\u00e9n es grav\u00edsima.<\/p>\n<p>Recordamos que el resto de los hermanos en huelga se encuentran en el hospital de Victoria con cuidados intensivos, adem\u00e1s nos se\u00f1alan quelos Presos Pol\u00edticos Mapuche de Angol ante la nula voluntad del estado chileno en solucionar sus demandas asumen que si la muerte de algunos de ellos es la soluci\u00f3n para ser escuchados, as\u00ed lo har\u00e1n y hacen un llamado a movilizar sea nivel nacional e internacional por todos los PPM en huelga, seg\u00fan informaciones recientes Victor Llanquileo nos ha pedido que digamos y difundamos textualmente<\/p>\n<p>\u00abel gobierno quiere nuestra muerte para sentarse: la tendr\u00e1. A estas alturas la asumimos como algo inevitable\u00bb<\/p>\n<p>ante esto llamamos a difundirde manera urgente la situaci\u00f3n de los PPM en huelga.<\/p>\n<p>Por ultimo los PPM de Angol y Victoria hacen un llamado a un gran llillipun para este s\u00e1bado 2 de octubre en las afuera de la c\u00e1rcel de Angol. Hacemos extensiva la invitaci\u00f3n a todos los mapuche y no mapuche que se est\u00e1n movilizando en todo Wallmapu y diferentes partes .<\/p>\n<div>M\u00e1s informaci\u00f3n:<\/div>\n<div><a href=\"http:\/\/www.kaosenlared.net\/americalatina\">Am\u00e9rica Latina<\/a><\/div>\n<div><a href=\"http:\/\/www.kaosenlared.net\/chile\">Chile<\/a><\/div>\n<div><a href=\"http:\/\/www.kaosenlared.net\/guerra-criminalizacion-represion\">Guerra \/ Criminalizaci\u00f3n \/ Represi\u00f3n<\/a><\/div>\n<div><a href=\"http:\/\/www.kaosenlared.net\/Pueblosoriginarios\">Pueblos originarios<\/a><\/div>\n","protected":false},"excerpt":{"rendered":"<p>Despu\u00e9s de la gran lucha por la liberaci\u00f3n de los presos de Atenco, donde todav\u00eda no se hace justicia contra las violaciones ni los dos muertos, volvemos a levantar la voz por los presos pol\u00edticos Mapuches en Chile. Chile tiene un Estado que se dice democr\u00e1tico. \u00bfy la autonom\u00eda de los pueblos originarios, d\u00f3nde esta? [&hellip;]<\/p>\n","protected":false},"author":2,"featured_media":0,"comment_status":"open","ping_status":"open","sticky":false,"template":"","format":"standard","meta":{"footnotes":""},"categories":[10,11],"tags":[40],"class_list":["post-1275","post","type-post","status-publish","format-standard","hentry","category-opiniones","category-articulos-y-otros-mundos","tag-solidaridad"],"_links":{"self":[{"href":"https:\/\/tierraylibertad.org\/index.php\/wp-json\/wp\/v2\/posts\/1275","targetHints":{"allow":["GET"]}}],"collection":[{"href":"https:\/\/tierraylibertad.org\/index.php\/wp-json\/wp\/v2\/posts"}],"about":[{"href":"https:\/\/tierraylibertad.org\/index.php\/wp-json\/wp\/v2\/types\/post"}],"author":[{"embeddable":true,"href":"https:\/\/tierraylibertad.org\/index.php\/wp-json\/wp\/v2\/users\/2"}],"replies":[{"embeddable":true,"href":"https:\/\/tierraylibertad.org\/index.php\/wp-json\/wp\/v2\/comments?post=1275"}],"version-history":[{"count":0,"href":"https:\/\/tierraylibertad.org\/index.php\/wp-json\/wp\/v2\/posts\/1275\/revisions"}],"wp:attachment":[{"href":"https:\/\/tierraylibertad.org\/index.php\/wp-json\/wp\/v2\/media?parent=1275"}],"wp:term":[{"taxonomy":"category","embeddable":true,"href":"https:\/\/tierraylibertad.org\/index.php\/wp-json\/wp\/v2\/categories?post=1275"},{"taxonomy":"post_tag","embeddable":true,"href":"https:\/\/tierraylibertad.org\/index.php\/wp-json\/wp\/v2\/tags?post=1275"}],"curies":[{"name":"wp","href":"https:\/\/api.w.org\/{rel}","templated":true}]}}