{"id":1264,"date":"2010-09-22T15:56:39","date_gmt":"2010-09-22T14:56:39","guid":{"rendered":"http:\/\/tierraylibertad.org.w01d42ae.kasserver.com\/?p=1264"},"modified":"2010-09-22T15:56:39","modified_gmt":"2010-09-22T14:56:39","slug":"continua-la-masacre-de-paramilitares-en-san-juan-copala","status":"publish","type":"post","link":"https:\/\/tierraylibertad.org\/index.php\/2010\/09\/continua-la-masacre-de-paramilitares-en-san-juan-copala\/","title":{"rendered":"Continua la masacre de paramilitares en San Juan Copala"},"content":{"rendered":"<p>La masacre a los compa\u00f1eros de San Juan Copala continua, el Estado mexicano y el de Oaxaca parece que esta masacre les conviene ante un pueblo que se declaro aut\u00f3nomo de manera pacifica hace 4 a\u00f1os y el Estado ha permitido que paramilitares hagan un cerco para ahogar a los pobladores y masacrarlos, donde se encuentran entre las v\u00edctimas mujeres, ni\u00f1os y ancianos, adem\u00e1s cualquier caravana de ayuda humanitaria es repelida por los paramilitares dando como resultado la muerte de dos compa\u00f1eros.<\/p>\n<p>La informaci\u00f3n abajo es de de la Voz e Imagen de Oaxaca. Existen los medios alternativos de informaci\u00f3n donde la versi\u00f3n de los compa\u00f1eros del municipio aut\u00f3nomo, estos links se encuentran en los enlaces de esta blog.<\/p>\n<p>Repudiemos los grupos paramilitares que se han generado dentro de esta guerra contra la dignidad y la lucha social que el Estado ha fomentado y amplifiquemos la voz para proteger a nuestros compa\u00f1eros triquis que se encuentran en resistencia, ya lo hicimos una vez ahora con los triquis.<\/p>\n<p>Libertad al pueblo Tripi y su municipio Aut\u00f3nomo de San Juan Copala.<\/p>\n<p>alf&#8230;<\/p>\n<p>Ataca Ubisort a Copala; deja 1 muerto y 5 heridos<br \/>\nEnviado por ohernandez el 20 Sep 2010 &#8211; 00:55.<\/p>\n<p>Un simpatizante m\u00e1s del Movimiento de Unificaci\u00f3n y Lucha<br \/>\nTriqui-Independiente (MULT-I) fue asesinado antenoche por paramilitares de<br \/>\nla Uni\u00f3n de Bienestar Social de la Regi\u00f3n Triqui (Ubisort) y del Movimiento<br \/>\nde Unificaci\u00f3n y Lucha Triqui (MULT) en San Juan Copala.<\/p>\n<p>El coordinador de Derechos Humanos de la autoridad independiente, Jorge<br \/>\nAlbino Ortiz dijo que el hombre, a quien identific\u00f3 como Paulino Ram\u00edrez<br \/>\nReyes, de 28 a\u00f1os de edad, fue agredido alrededor de las 20 horas cuando<br \/>\nsal\u00eda de su domicilio, ubicado en la calle principal, en inmediaciones del<br \/>\ntemplo cat\u00f3lico.<\/p>\n<p>Indic\u00f3 que militantes de UBISORT- MULT fuertemente armados iniciaron la<br \/>\nmadrugada de este domingo un ataque contra militantes del Movimiento de<br \/>\nUnificaci\u00f3n y Lucha Triqui Independiente (MULT-I) simpatizantes del<br \/>\nmunicipio aut\u00f3nomo, dejando como saldo una persona muerta y cinco<br \/>\nsecuestrados.<\/p>\n<p>Albino Ortiz inform\u00f3 que hay 5 desaparecidos y los identific\u00f3 como David<br \/>\nGarc\u00eda Ram\u00edrez de 29 a\u00f1os; Eugenio Mart\u00ednez de 65 a\u00f1os; Jord\u00e1n Gonz\u00e1lez<br \/>\nRam\u00edrez de 33 a\u00f1os; Mar\u00eda Agustina Flores de 54 a\u00f1os y Susana L\u00f3pez Mart\u00ednez<br \/>\nde 21 a\u00f1os de edad.<\/p>\n<p>*Francotiradores*<\/p>\n<p>Explic\u00f3 que los paramilitares atacaron a su compa\u00f1ero desde su parapeto<br \/>\nestablecido en una casa cercana abandonada por una familia de desplazados y<br \/>\ndesde los cerros colindantes.<\/p>\n<p>\u00abLos compa\u00f1eros est\u00e1n acorralados; ya est\u00e1n (los paramilitares) adentro y<br \/>\nafuera de la comunidad\u00bb, se\u00f1al\u00f3.<\/p>\n<p>Expuso que sus familiares no se han podido acercar al cuerpo ante el riesgo<br \/>\nde una nueva agresi\u00f3n de los paramilitares y porque la polic\u00eda ni el<br \/>\nMinisterio P\u00fablico han acudido al pueblo para hacer las diligencias<br \/>\ncorrespondientes.<\/p>\n<p>\u00abNuestros compa\u00f1eros dicen que los paramilitares entraron a sus casas a<br \/>\ndesalojarlos\u00bb, asent\u00f3.<\/p>\n<p>El vocero mencion\u00f3 que los hechos sucedieron entre las 3 y 4 de la madrugada<br \/>\nde ayer domingo, cuando los paramilitares de la UBISORT y MULT fuertemente<br \/>\narmados allanaron las casas de los habitantes de la comunidad y procedieron<br \/>\na golpear a los ciudadanos.<\/p>\n<p>Explic\u00f3 que desconocen el paradero de las cinco personas desaparecidas,<br \/>\npuesto que presumen que puedan estar secuestradas por paramilitares o<br \/>\nhuyeran en la selva para poder salvar sus vidas.<\/p>\n<p>El caso que fueran retenidos corren un real peligro pues se teme que sean<br \/>\nasesinados.<\/p>\n<p>Incluso, observ\u00f3 que el cuerpo de otro de sus compa\u00f1eros, David Garc\u00eda<br \/>\nMart\u00ednez, baleado el s\u00e1bado por los paramilitares, tambi\u00e9n se encuentra<br \/>\ndesaparecido porque agentes de la Polic\u00eda Estatal Preventiva lo entregaron a<br \/>\nsus agresores atrincherados en el Palacio Municipal.<\/p>\n<p>\u00abHabl\u00e9 con un comandante y me coment\u00f3 que lo levantaron pero que lo<br \/>\nentregaron a los paramilitares; que hasta ten\u00eda fotos de eso\u00bb, indic\u00f3.<\/p>\n<p>\u00abNo puede ser que a pesar de las denuncias presentadas ante los medios de<br \/>\ncomunicaci\u00f3n, organismos de derecho humanos nacional e internacionales; ante<br \/>\nlos gobiernos Federal y Estatal, se contin\u00fae con la manos cruzadas como si<br \/>\nno le interesara la soluci\u00f3n el problema en San Juan C\u00f3pala\u00bb.<\/p>\n<p>Jorge Albino asever\u00f3 que los paramilitares contin\u00faan apostados en los cerros<br \/>\ny transitan impunemente por las calles de Copala disparando contra persona<br \/>\nque se mueva en su alrededor.<\/p>\n<p>Destac\u00f3 que la PEP despu\u00e9s de recoger el cuerpo se retir\u00f3 de San Juan Copala<br \/>\ny no realiz\u00f3 alg\u00fan operativo de patrullaje ni de detenci\u00f3n de los<br \/>\nparamilitares.<\/p>\n<p>Si el gobierno estatal, agreg\u00f3, no act\u00faa r\u00e1pidamente \u00abma\u00f1ana se estar\u00e1n<br \/>\ncontando decenas de cad\u00e1veres de nuestros compa\u00f1eros porque pr\u00e1cticamente<br \/>\nest\u00e1n siendo masacrados\u00bb.<\/p>\n<p>Hasta el cierre de la edici\u00f3n ninguna autoridad estatal o corporaci\u00f3n<br \/>\npoliciaca ha confirmado tal situaci\u00f3<\/p>\n<p>NOTICIAS, VOZ E IMAGEN DE OAXACA<br \/>\ncio\u00bb (pb.nd)<\/p>\n","protected":false},"excerpt":{"rendered":"<p>La masacre a los compa\u00f1eros de San Juan Copala continua, el Estado mexicano y el de Oaxaca parece que esta masacre les conviene ante un pueblo que se declaro aut\u00f3nomo de manera pacifica hace 4 a\u00f1os y el Estado ha permitido que paramilitares hagan un cerco para ahogar a los pobladores y masacrarlos, donde se [&hellip;]<\/p>\n","protected":false},"author":2,"featured_media":0,"comment_status":"open","ping_status":"open","sticky":false,"template":"","format":"standard","meta":{"footnotes":""},"categories":[6,10],"tags":[],"class_list":["post-1264","post","type-post","status-publish","format-standard","hentry","category-denuncias-e-informacion","category-opiniones"],"_links":{"self":[{"href":"https:\/\/tierraylibertad.org\/index.php\/wp-json\/wp\/v2\/posts\/1264","targetHints":{"allow":["GET"]}}],"collection":[{"href":"https:\/\/tierraylibertad.org\/index.php\/wp-json\/wp\/v2\/posts"}],"about":[{"href":"https:\/\/tierraylibertad.org\/index.php\/wp-json\/wp\/v2\/types\/post"}],"author":[{"embeddable":true,"href":"https:\/\/tierraylibertad.org\/index.php\/wp-json\/wp\/v2\/users\/2"}],"replies":[{"embeddable":true,"href":"https:\/\/tierraylibertad.org\/index.php\/wp-json\/wp\/v2\/comments?post=1264"}],"version-history":[{"count":0,"href":"https:\/\/tierraylibertad.org\/index.php\/wp-json\/wp\/v2\/posts\/1264\/revisions"}],"wp:attachment":[{"href":"https:\/\/tierraylibertad.org\/index.php\/wp-json\/wp\/v2\/media?parent=1264"}],"wp:term":[{"taxonomy":"category","embeddable":true,"href":"https:\/\/tierraylibertad.org\/index.php\/wp-json\/wp\/v2\/categories?post=1264"},{"taxonomy":"post_tag","embeddable":true,"href":"https:\/\/tierraylibertad.org\/index.php\/wp-json\/wp\/v2\/tags?post=1264"}],"curies":[{"name":"wp","href":"https:\/\/api.w.org\/{rel}","templated":true}]}}