{"id":1128,"date":"2010-04-28T13:34:39","date_gmt":"2010-04-28T12:34:39","guid":{"rendered":"http:\/\/tierraylibertad.org.w01d42ae.kasserver.com\/?p=1128"},"modified":"2013-12-21T19:24:50","modified_gmt":"2013-12-21T18:24:50","slug":"atacan-a-caravana-de-observacion-en-oaxaca-hay-heridos-y-desaparecidos","status":"publish","type":"post","link":"https:\/\/tierraylibertad.org\/index.php\/2010\/04\/atacan-a-caravana-de-observacion-en-oaxaca-hay-heridos-y-desaparecidos\/","title":{"rendered":"ATACAN A CARAVANA DE OBSERVACI\u00d3N EN OAXACA HAY HERIDOS Y DESAPARECIDOS"},"content":{"rendered":"<p>De: Enlace Urbano de Dignidad<br \/>\nEnviado: martes, 27 de abril, 2010 19:32:49<br \/>\nAsunto: URGENTE: Atacan caravana de observaci\u00f3n en Oaxaca<\/p>\n<p>URGENTE: Caravana de solidaridad que iba rumbo al Municipio Aut\u00f3nomo de San<br \/>\nJuan Copala en la Regi\u00f3n Triqui de Oaxaca, integrada por observadores<br \/>\ninternacionales, integrantes de CACTUS, VOCAL, de la Secci\u00f3n 22 del SNTE y<br \/>\nde la APPO, fue balaceada en la comunidad de La Sabana controlada por la<br \/>\norganizaci\u00f3n Unidad de Bienestar Social de la Regi\u00f3n Triqui (UBISORT).<br \/>\nEsta organizaci\u00f3n est\u00e1 impidiendo el rescate de los heridos. Reportes<br \/>\nindican que hay al menos 15 heridos, se desconoce si hay muertos y se<br \/>\nreporta que Alberta Cari\u00f1o, directora de CACTUS, se encuentra desaparecida.<br \/>\nTememos que esta acci\u00f3n constituya una provocaci\u00f3n que pueda utilizarse para<br \/>\njustificar la militarizaci\u00f3 n de la regi\u00f3n Triqui.<\/p>\n<p>Acci\u00f3n solicitada<\/p>\n<p>Llamar al Gobierno de Oaxaca exigiendo que establezca las condiciones<br \/>\nnecesarias para el rescate de los heridos a trav\u00e9s de la Pol\u00edc\u00eda Estatal y<br \/>\nlos equipos de rescate y atenci\u00f3n m\u00e9dica<\/p>\n<p>Gobernador del Estado de Oaxaca<\/p>\n<p>Ulises Ruiz Ortiz<\/p>\n<p>Tel. 5015000 ext. 13005<\/p>\n<p>Fax. 5015000 ext. 13018<\/p>\n<p>Nodo de Derechos Humanos<\/p>\n<p>www.nodho.org<\/p>\n<p>&#8212;<br \/>\nEnlace Urbano de Dignidad<\/p>\n<p>Mirando el mismo horizonteDe: Enlace Urbano de Dignidad<br \/>\nEnviado: martes, 27 de abril, 2010 19:32:49<br \/>\nAsunto: URGENTE: Atacan caravana de observaci\u00f3n en Oaxaca<\/p>\n<p>URGENTE: Caravana de solidaridad que iba rumbo al Municipio Aut\u00f3nomo de San<br \/>\nJuan Copala en la Regi\u00f3n Triqui de Oaxaca, integrada por observadores<br \/>\ninternacionales, integrantes de CACTUS, VOCAL, de la Secci\u00f3n 22 del SNTE y<br \/>\nde la APPO, fue balaceada en la comunidad de La Sabana controlada por la<br \/>\norganizaci\u00f3n Unidad de Bienestar Social de la Regi\u00f3n Triqui (UBISORT).<br \/>\nEsta organizaci\u00f3n est\u00e1 impidiendo el rescate de los heridos. Reportes<br \/>\nindican que hay al menos 15 heridos, se desconoce si hay muertos y se<br \/>\nreporta que Alberta Cari\u00f1o, directora de CACTUS, se encuentra desaparecida.<br \/>\nTememos que esta acci\u00f3n constituya una provocaci\u00f3n que pueda utilizarse para<br \/>\njustificar la militarizaci\u00f3 n de la regi\u00f3n Triqui.<\/p>\n<p>Acci\u00f3n solicitada<\/p>\n<p>Llamar al Gobierno de Oaxaca exigiendo que establezca las condiciones<br \/>\nnecesarias para el rescate de los heridos a trav\u00e9s de la Pol\u00edc\u00eda Estatal y<br \/>\nlos equipos de rescate y atenci\u00f3n m\u00e9dica<\/p>\n<p>Gobernador del Estado de Oaxaca<\/p>\n<p>Ulises Ruiz Ortiz<\/p>\n<p>Tel. 5015000 ext. 13005<\/p>\n<p>Fax. 5015000 ext. 13018<\/p>\n<p>Nodo de Derechos Humanos<\/p>\n<p><a href=\"www.nodho.org\">www.nodho.org<\/a><\/p>\n<p>&#8212;<br \/>\nEnlace Urbano de Dignidad<\/p>\n<p><span style=\"text-decoration: underline;\"><strong>San Juan Copala antes de la Agresi\u00f3n<\/strong><\/span>:<\/p>\n<p>Oaxaca, M\u00e9xico: San Juan Copala permanece sitiada por paramilitares.<br \/>\nComienza caravana de observaci\u00f3n<\/p>\n<p>No hay luz el\u00e9ctrica ni agua, ni clases ni medicos, las mujeres son<br \/>\nacosadas por los paramilitares y hay un ret\u00e9n permanente en la<br \/>\ncomunidad: el estado de sitio no permite la vida.<\/p>\n<p>VOCAL, Comision de Observaci\u00f3n Internacional CACTUS | Para Kaos en la<br \/>\nRed | 27-4-2010 a las 4:17 | 467 lecturas | 1 comentario<\/p>\n<p>El d\u00eda de hoy 26 de abril del 2010, San Juan Copala se encuentra<br \/>\nsitiada, no hay luz el\u00e9ctrica, han cortado el agua, no hay clases desde<br \/>\nenero en las escuelas de la comunidad, no hay m\u00e9dico, cuando las mujeres<br \/>\nsalen en busca de agua o comida las mujeres son acosadas por los<br \/>\nparamilitares que ah\u00ed existen, hay un ret\u00e9n permanente en la comunidad y<br \/>\nel estado de sitio no permite la vida. Por eso el d\u00eda de hoy ante la<br \/>\npermanente violaci\u00f3n a los derechos humanos elementales y ante el clima<br \/>\nde hostilidad y las continuas agresiones contra el Municipio Aut\u00f3nomo de<br \/>\nSan Juan Copala, planteamos una Caravana de cobertura y respaldo al<br \/>\nproceso de organizaci\u00f3n aut\u00f3noma y libre autodeterminaci\u00f3 n del municipio<br \/>\nde San Juan Copala.<\/p>\n<p>Este 26 de abril de 2010 una parte de quienes formamos la Caravana ha<br \/>\nllegado a la Ciudad de Huajuapan de Le\u00f3n, integrada por la comisi\u00f3n de<br \/>\nterritorio de VOCAL as\u00ed como Observadores de Derechos Humanos venidos de<br \/>\nEuropa: (Finlandia, Italia, B\u00e9lgica y Alemania). Para despu\u00e9s<br \/>\ndirigirse hacia el Municipio Aut\u00f3nomo de San Jan Copala.<\/p>\n<p>Asimismo hacemos de su conocimiento que el d\u00eda de ma\u00f1ana llegan<br \/>\npersonas y organizaciones integradas en la Asamblea Popular de los<br \/>\nPueblos de Oaxaca (APPO) y de la Secci\u00f3n 22 del magisterio oaxaque\u00f1o,<br \/>\nas\u00ed como una delegaci\u00f3n m\u00e1s amplia de observaci\u00f3n internacional.<br \/>\nLa caravana tiene por objetivos brindar un apoyo activo a la<br \/>\nautoorganizaci\u00f3 n del Municipio Aut\u00f3nomo de San Juan Copala y su lucha<br \/>\npor unir al pueblo triqui, as\u00ed como contribuir a detener cualquier tipo<br \/>\nde agresi\u00f3n contra la comunidad, rompiendo el cerco medi\u00e1tico, a la<br \/>\nvez de documentar la situaci\u00f3n prevaleciente en la zona, para este fin<br \/>\nla caravana es realizada por compa\u00f1eros del movimiento social oaxaque\u00f1o,<br \/>\nparticipaci\u00f3n de observadores internacionales de derechos humanos y<br \/>\nexiste adem\u00e1s un acompa\u00f1amiento de compa\u00f1eros de la regi\u00f3n Mixteca, en<br \/>\nparticular del Centro de Apoyo Comunitario Trabajando Unidos, CACTUS, de<br \/>\nla Red de Radios y comunicadores Ind\u00edgenas del Sureste Mexicano.<br \/>\nAs\u00ed mismo la declaraci\u00f3n que realizo Refino Ju\u00e1rez dirigente de la<br \/>\nUBISORT algunos medios de comunicaci\u00f3n en donde establece que bajo<br \/>\nninguna circunstancia permitir\u00e1n la entrada de ninguna caravana, que no<br \/>\nse hacen responsables de lo que les pueda pasar, por lo que hacemos<br \/>\nresponsable al Gobierno de Ulises Ruiz de cualquier agresi\u00f3n que puedan<br \/>\nsufrir los comunicadores y los observadores de derechos humanos, as\u00ed<br \/>\ntambi\u00e9n exigimos a Evencio Mart\u00ednez, quine est\u00e1n obligados a garantizar<br \/>\nel transito de esta comisi\u00f3n de observaci\u00f3n y de medios, sin ninguna<br \/>\ncondici\u00f3n ni amenaza de tal naturaleza como lo hace la Unidad de<br \/>\nBienestar Social de la Regi\u00f3n Triqui.<\/p>\n<p>Hacemos un llamado a mantenerse al pendiente de los trabajos de esta<br \/>\nCaravana a su paso por la regi\u00f3n Mixteca de Oaxaca con rumbo al<br \/>\nMunicipio Aut\u00f3nomo de San Juan Copala.<\/p>\n<p>Consideramos que la lucha del Municipio Aut\u00f3nomo de San Juan Copala no<br \/>\nes una lucha aislada, se enmarca en la lucha por la defensa de la tierra<br \/>\ny el territorio que se esta librando a lo largo y ancho de nuestro<br \/>\nestado de Oaxaca, contra el despojo impulsado por el mal gobierno y<br \/>\nempresas transnacionales.<\/p>\n<p>Comisi\u00f3n de observaci\u00f3n Internacional<br \/>\nVoces Oaxaque\u00f1as Construyendo Autonom\u00eda y Libertad (VOCAL)<br \/>\nCentro de Apoyo Comunitario Trabajando Unidos (CACTUS)<br \/>\nRed de Radios y comunicadores del Sureste Mexicano.<br \/>\nHuajuapan de Le\u00f3n Oaxaca a 26 de abril de 2010<\/p>\n","protected":false},"excerpt":{"rendered":"<p>De: Enlace Urbano de Dignidad Enviado: martes, 27 de abril, 2010 19:32:49 Asunto: URGENTE: Atacan caravana de observaci\u00f3n en Oaxaca URGENTE: Caravana de solidaridad que iba rumbo al Municipio Aut\u00f3nomo de San Juan Copala en la Regi\u00f3n Triqui de Oaxaca, integrada por observadores internacionales, integrantes de CACTUS, VOCAL, de la Secci\u00f3n 22 del SNTE y [&hellip;]<\/p>\n","protected":false},"author":2,"featured_media":0,"comment_status":"open","ping_status":"open","sticky":false,"template":"","format":"standard","meta":{"footnotes":""},"categories":[6],"tags":[32,35,40],"class_list":["post-1128","post","type-post","status-publish","format-standard","hentry","category-denuncias-e-informacion","tag-oaxaca","tag-otro-mundo","tag-solidaridad"],"_links":{"self":[{"href":"https:\/\/tierraylibertad.org\/index.php\/wp-json\/wp\/v2\/posts\/1128","targetHints":{"allow":["GET"]}}],"collection":[{"href":"https:\/\/tierraylibertad.org\/index.php\/wp-json\/wp\/v2\/posts"}],"about":[{"href":"https:\/\/tierraylibertad.org\/index.php\/wp-json\/wp\/v2\/types\/post"}],"author":[{"embeddable":true,"href":"https:\/\/tierraylibertad.org\/index.php\/wp-json\/wp\/v2\/users\/2"}],"replies":[{"embeddable":true,"href":"https:\/\/tierraylibertad.org\/index.php\/wp-json\/wp\/v2\/comments?post=1128"}],"version-history":[{"count":0,"href":"https:\/\/tierraylibertad.org\/index.php\/wp-json\/wp\/v2\/posts\/1128\/revisions"}],"wp:attachment":[{"href":"https:\/\/tierraylibertad.org\/index.php\/wp-json\/wp\/v2\/media?parent=1128"}],"wp:term":[{"taxonomy":"category","embeddable":true,"href":"https:\/\/tierraylibertad.org\/index.php\/wp-json\/wp\/v2\/categories?post=1128"},{"taxonomy":"post_tag","embeddable":true,"href":"https:\/\/tierraylibertad.org\/index.php\/wp-json\/wp\/v2\/tags?post=1128"}],"curies":[{"name":"wp","href":"https:\/\/api.w.org\/{rel}","templated":true}]}}