{"id":1092,"date":"2010-03-23T15:17:49","date_gmt":"2010-03-23T14:17:49","guid":{"rendered":"http:\/\/tierraylibertad.org.w01d42ae.kasserver.com\/?p=1092"},"modified":"2010-03-23T15:17:49","modified_gmt":"2010-03-23T14:17:49","slug":"boletin-de-prensa-17-de-marzo-2010-sme","status":"publish","type":"post","link":"https:\/\/tierraylibertad.org\/index.php\/2010\/03\/boletin-de-prensa-17-de-marzo-2010-sme\/","title":{"rendered":"Boletin de prensa, 17 de marzo 2010 SME."},"content":{"rendered":"<p>Camaradas, esta es una noticia grave, acaba de mandar el SME este  bolet\u00edn con car\u00e1cter de urgente. Por favor, dif\u00fandanlo entre todos sus  conocidos, en sus muros, en sus grupos y redes sosicales, y estemos  atentos a cualquier convocatoria que se haga para apoyar a los camaradas  de Juandh\u00f3. Saludos cordiales<\/p>\n<p>Puma en resistencia<\/p>\n<p>Bolet\u00edn de prensa Urgente<br \/>\nAsunto: Terror en Juandh\u00f3<br \/>\nA las organizaciones sindicales, sociales y pol\u00edticas de M\u00e9xico y del  Mundo,<br \/>\nA los organismos de derechos humanos nacionales y extranjeros,<br \/>\nAl pueblo mexicano:<\/p>\n<p>Desde la madrugada del d\u00eda de hoy 17 de marzo, la poblaci\u00f3n de Juandh\u00f3  est\u00e1 viviendo un escenario de terror. Sitiados y pr\u00e1cticamente  secuestrados por m\u00e1s de 1000 militares vestidos con los uniformes de la  Polic\u00eda Federal y otros directamente del Ejercito federal,sus pobladores  han visto como decenas de casas fueron cateadas sin orden judicial  desde luego, sustra\u00eddos documentos y pertenencias de \u00edndole  estrictamente personal, detenidos y golpeados varios compa\u00f1eros  electricistas (Diego S\u00e1nchez Mendoza, Sergio Mendoza Rivera, Adrian  Monroy Mej\u00eda, entre otros) y del resto de la poblaci\u00f3n civil, as\u00ed como  decenas de desaparecidos.<br \/>\nDesde altas horas de la noche de ayer, fue suspendido el servicio de  energ\u00eda el\u00e9ctrica, comenzaron los patrullajes y el sobrevuelo de  helic\u00f3pteros policiacos y militares, hostigando a los familiares de  nuestros camaradas, en especial, a la familia de nuestro Secretario  General Martin Esparza Flores y en la b\u00fasqueda de los camaradas: Pablo  Esparza Flores Subsecretario General de la Divisi\u00f3n de Juandh\u00f3 y de  Gregorio Ernesto Paredes G\u00f3mez, Miembro de nuestra Direcci\u00f3n Sindical.<br \/>\nLos delitos que cometi\u00f3 el pueblo de Juandh\u00f3 son tener dignidad y haber  parido entre sus hijos, a una buena cantidad de dignos trabajadores  miembros del Sindicato Mexicano de Electricistas, que ayer decidi\u00f3  colocar las banderas rojinegras de Huelga. Ello ha encendido el  enfermizo odio de Felipe Calder\u00f3n Hinojosa y sus tropas contra los  trabajadores, pero lejos est\u00e1n de amedrentarnos, y menos a\u00fan, de  hacernos abandonar la lucha digna que nuestro Sindicato ha decidido  encabezar.<\/p>\n<p>A los organismos nacionales e internacionales de derechos humanos, a los  dirigentes de las organizaciones sindicales, sociales y pol\u00edticas, a  los intelectuales y pueblo en general, les invitamos a visitar Juandh\u00f3,  constatar de cerca este secuestro masivo de una poblaci\u00f3n inerme, pero  dispuesta a no dejarse intimidar y golpear, para movilizarnos e impedir  que contin\u00fae esta miserable pol\u00edtica fascista de criminalizaci\u00f3n de la  justa lucha social electricista.<br \/>\nResponsabilizamos al gobierno de Calder\u00f3n de la integridad f\u00edsica de  todos nuestros camaradas y especialmente de los familiares de nuestro  Secretario General Mart\u00edn Esparza Flores, as\u00ed como de las imprevisibles  consecuencias que traer\u00e1 esta pol\u00edtica de terror hacia la poblaci\u00f3n de  nuestra hermana Divisi\u00f3n de Juandh\u00f3, la actuaci\u00f3n de Calder\u00f3n est\u00e1  llegando a l\u00edmites intolerables.<br \/>\nA las organizaciones internacionales solidarias les invitamos a  organizar movilizaciones de protesta frente a las embajadas y consulados  de M\u00e9xico en sus respectivos pa\u00edses, debemos detener la mano fascista  que peligrosamente se ense\u00f1orea en M\u00e9xico.<\/p>\n<p>Fraternalmente<\/p>\n<p>\u201cPor el derecho y la Justicia del Trabajador\u201d<\/p>\n<p>M\u00e9xico D.F. a 17 de marzo de 2010<\/p>\n<p>Fernando Amezcua Castillo<\/p>\n<p>Secretario del Exterior<\/p>\n","protected":false},"excerpt":{"rendered":"<p>Camaradas, esta es una noticia grave, acaba de mandar el SME este bolet\u00edn con car\u00e1cter de urgente. Por favor, dif\u00fandanlo entre todos sus conocidos, en sus muros, en sus grupos y redes sosicales, y estemos atentos a cualquier convocatoria que se haga para apoyar a los camaradas de Juandh\u00f3. Saludos cordiales Puma en resistencia Bolet\u00edn [&hellip;]<\/p>\n","protected":false},"author":2,"featured_media":0,"comment_status":"open","ping_status":"open","sticky":false,"template":"","format":"standard","meta":{"footnotes":""},"categories":[6],"tags":[29],"class_list":["post-1092","post","type-post","status-publish","format-standard","hentry","category-denuncias-e-informacion","tag-luz-y-fuerza"],"_links":{"self":[{"href":"https:\/\/tierraylibertad.org\/index.php\/wp-json\/wp\/v2\/posts\/1092","targetHints":{"allow":["GET"]}}],"collection":[{"href":"https:\/\/tierraylibertad.org\/index.php\/wp-json\/wp\/v2\/posts"}],"about":[{"href":"https:\/\/tierraylibertad.org\/index.php\/wp-json\/wp\/v2\/types\/post"}],"author":[{"embeddable":true,"href":"https:\/\/tierraylibertad.org\/index.php\/wp-json\/wp\/v2\/users\/2"}],"replies":[{"embeddable":true,"href":"https:\/\/tierraylibertad.org\/index.php\/wp-json\/wp\/v2\/comments?post=1092"}],"version-history":[{"count":0,"href":"https:\/\/tierraylibertad.org\/index.php\/wp-json\/wp\/v2\/posts\/1092\/revisions"}],"wp:attachment":[{"href":"https:\/\/tierraylibertad.org\/index.php\/wp-json\/wp\/v2\/media?parent=1092"}],"wp:term":[{"taxonomy":"category","embeddable":true,"href":"https:\/\/tierraylibertad.org\/index.php\/wp-json\/wp\/v2\/categories?post=1092"},{"taxonomy":"post_tag","embeddable":true,"href":"https:\/\/tierraylibertad.org\/index.php\/wp-json\/wp\/v2\/tags?post=1092"}],"curies":[{"name":"wp","href":"https:\/\/api.w.org\/{rel}","templated":true}]}}